{"id":68491,"date":"2019-10-14T19:34:37","date_gmt":"2019-10-15T00:34:37","guid":{"rendered":"https:\/\/radiowebmx.com\/nota\/?p=68491"},"modified":"2019-10-14T19:34:37","modified_gmt":"2019-10-15T00:34:37","slug":"a-recuperar-la-paz-social-convoca-bancada-del-pri","status":"publish","type":"post","link":"https:\/\/radiowebmx.com\/nota\/a-recuperar-la-paz-social-convoca-bancada-del-pri\/","title":{"rendered":"A recuperar la paz social convoca bancada del PRI"},"content":{"rendered":"<p>El coordinador de la bancada del Partido Revolucionario Institucional (PRI), Eduardo Orihuela Estefan, conden\u00f3 severamente los hechos ocurridos en Aguililla, donde polic\u00edas estatales fueron v\u00edctimas de una emboscada y exigi\u00f3 se lleven a cabo las acciones necesarias para recuperar la paz social.<br \/>\nA nombre de la bancada de PRI, lament\u00f3 el fallecimiento de al menos 13 elementos policiacos, as\u00ed como algunos m\u00e1s que resultaron heridos, que de acuerdo con informaci\u00f3n oficial, realizaban un mandato de car\u00e1cter civil.<br \/>\nOrihuela Estefan sostuvo que es imprescindible que haya efectiva presencia de la Guardia Nacional para que Michoac\u00e1n sea una entidad segura, donde la poblaci\u00f3n pueda salir con certeza de que pueden regresar a sus hogares y en espec\u00edfico, que quienes llevan a cabo su labor de brindar la seguridad, tengan las condiciones para realizarla.<br \/>\nPara ello, dijo, es fundamental la coordinaci\u00f3n con las autoridades estatales y municipales para tener un Michoac\u00e1n en paz. Esta vez los hechos se dieron en Aguililla, pero lamentablemente todos los d\u00edas se tiene registro de hechos fatales contra polic\u00edas y contra la sociedad civil.<br \/>\nEl legislador pri\u00edsta envi\u00f3 su solidaridad a las familias de los polic\u00edas que perdieron la vida y tras el anuncio del gobernador de que las apoyar\u00e1, confi\u00f3 en que ser\u00e1 de esa manera.<\/p>\n","protected":false},"excerpt":{"rendered":"<p>El coordinador de la bancada del Partido Revolucionario Institucional (PRI), Eduardo Orihuela Estefan, conden\u00f3 severamente los hechos ocurridos en Aguililla, donde polic\u00edas estatales fueron v\u00edctimas de una emboscada y exigi\u00f3 se lleven a cabo las acciones necesarias para recuperar la paz social. A nombre de la bancada de PRI, lament\u00f3 el fallecimiento de al menos [&hellip;]<\/p>\n","protected":false},"author":2,"featured_media":68492,"comment_status":"closed","ping_status":"closed","sticky":false,"template":"","format":"standard","meta":{"footnotes":""},"categories":[6],"tags":[],"class_list":["post-68491","post","type-post","status-publish","format-standard","has-post-thumbnail","hentry","category-congreso-del-estado"],"_links":{"self":[{"href":"https:\/\/radiowebmx.com\/nota\/wp-json\/wp\/v2\/posts\/68491","targetHints":{"allow":["GET"]}}],"collection":[{"href":"https:\/\/radiowebmx.com\/nota\/wp-json\/wp\/v2\/posts"}],"about":[{"href":"https:\/\/radiowebmx.com\/nota\/wp-json\/wp\/v2\/types\/post"}],"author":[{"embeddable":true,"href":"https:\/\/radiowebmx.com\/nota\/wp-json\/wp\/v2\/users\/2"}],"replies":[{"embeddable":true,"href":"https:\/\/radiowebmx.com\/nota\/wp-json\/wp\/v2\/comments?post=68491"}],"version-history":[{"count":1,"href":"https:\/\/radiowebmx.com\/nota\/wp-json\/wp\/v2\/posts\/68491\/revisions"}],"predecessor-version":[{"id":68493,"href":"https:\/\/radiowebmx.com\/nota\/wp-json\/wp\/v2\/posts\/68491\/revisions\/68493"}],"wp:featuredmedia":[{"embeddable":true,"href":"https:\/\/radiowebmx.com\/nota\/wp-json\/wp\/v2\/media\/68492"}],"wp:attachment":[{"href":"https:\/\/radiowebmx.com\/nota\/wp-json\/wp\/v2\/media?parent=68491"}],"wp:term":[{"taxonomy":"category","embeddable":true,"href":"https:\/\/radiowebmx.com\/nota\/wp-json\/wp\/v2\/categories?post=68491"},{"taxonomy":"post_tag","embeddable":true,"href":"https:\/\/radiowebmx.com\/nota\/wp-json\/wp\/v2\/tags?post=68491"}],"curies":[{"name":"wp","href":"https:\/\/api.w.org\/{rel}","templated":true}]}}