{"id":68479,"date":"2019-10-14T19:29:22","date_gmt":"2019-10-15T00:29:22","guid":{"rendered":"https:\/\/radiowebmx.com\/nota\/?p=68479"},"modified":"2019-10-14T19:29:22","modified_gmt":"2019-10-15T00:29:22","slug":"justicia-social-en-mexico-seguira-pendiente-si-no-existen-condiciones-de-desarrollo-en-igualdad-para-todas-y-todos-araceli-saucedo","status":"publish","type":"post","link":"https:\/\/radiowebmx.com\/nota\/justicia-social-en-mexico-seguira-pendiente-si-no-existen-condiciones-de-desarrollo-en-igualdad-para-todas-y-todos-araceli-saucedo\/","title":{"rendered":"Justicia social en M\u00e9xico seguir\u00e1 pendiente si no existen condiciones de desarrollo en igualdad para todas y todos: Araceli Saucedo"},"content":{"rendered":"<p>En M\u00e9xico la justicia social seguir\u00e1 como el gran pendiente si no existen condiciones de desarrollo en igualdad para todas y todos, subray\u00f3 Araceli Saucedo Reyes, coordinadora del Grupo Parlamentario del Partido de la Revoluci\u00f3n Democr\u00e1tica en la LXXIV Legislatura del Congreso del Estado.<\/p>\n<p>La diputada por el Distrito de P\u00e1tzcuaro, consider\u00f3 que la pol\u00edtica de la d\u00e1diva resulta una visi\u00f3n cortoplacista de un problema complejo y profundo que padece el pa\u00eds y que es el de la desigualdad.<\/p>\n<p>\u201cUn paliativo econ\u00f3mico es una anestesia para el ahora, que entorpece la mirada y el accionar a futuro, ya que los problemas no s\u00f3lo no se resuelven de esta manera sino que tienden a agravarse, pues coartan el hacer para instaurarlo por el esperar\u201d.<\/p>\n<p>Araceli Saucedo apunt\u00f3 que sin duda alguna una condici\u00f3n necesaria para alcanzar justicia social es el desarrollo, el cual implica que los mexicanos cuenten con los ingresos econ\u00f3micos para su pleno desarrollo y el de sus familias, situaci\u00f3n que no puede garantizarse bajo la perspectiva de la d\u00e1diva, sino apostando por la inversi\u00f3n para generar empleos formales bien remunerados y potenciar el crecimiento de las regiones.<\/p>\n<p>Refiri\u00f3 que la pobreza es uno de los elementos fundamentales para conocer el grado de avance de la justicia social, \u201cun pa\u00eds con tal cantidad de pobres y con amplias capas de la poblaci\u00f3n sumergidas en la informalidad, no tiene justicia social, y las cifras sobre la pobreza lo ejemplifican ya que m\u00e1s de nueve millones de mexicanos se encuentran en pobreza extrema y otros 44 millones en condiciones de pobreza moderada\u201d.<\/p>\n<p>En ese sentido, consider\u00f3 relevante el esfuerzo que se ha hecho desde lo local para combatir la pobreza, tanto que en Michoac\u00e1n se ha sacado a 404 mil personas de la pobreza que equivale a la suma de toda la poblaci\u00f3n de Apatzing\u00e1n, Tar\u00edmbaro y Zit\u00e1cuaro.<\/p>\n<p>Sin embargo la legisladora, puntualiz\u00f3 que todo esfuerzo desde lo local, corre el riesgo de verse afectado a futuro si desde el Gobierno Federal no se instrumentan pol\u00edticas eficaces y viables para el desarrollo<\/p>\n","protected":false},"excerpt":{"rendered":"<p>En M\u00e9xico la justicia social seguir\u00e1 como el gran pendiente si no existen condiciones de desarrollo en igualdad para todas y todos, subray\u00f3 Araceli Saucedo Reyes, coordinadora del Grupo Parlamentario del Partido de la Revoluci\u00f3n Democr\u00e1tica en la LXXIV Legislatura del Congreso del Estado. La diputada por el Distrito de P\u00e1tzcuaro, consider\u00f3 que la pol\u00edtica [&hellip;]<\/p>\n","protected":false},"author":2,"featured_media":68480,"comment_status":"closed","ping_status":"closed","sticky":false,"template":"","format":"standard","meta":{"footnotes":""},"categories":[6],"tags":[],"class_list":["post-68479","post","type-post","status-publish","format-standard","has-post-thumbnail","hentry","category-congreso-del-estado"],"_links":{"self":[{"href":"https:\/\/radiowebmx.com\/nota\/wp-json\/wp\/v2\/posts\/68479","targetHints":{"allow":["GET"]}}],"collection":[{"href":"https:\/\/radiowebmx.com\/nota\/wp-json\/wp\/v2\/posts"}],"about":[{"href":"https:\/\/radiowebmx.com\/nota\/wp-json\/wp\/v2\/types\/post"}],"author":[{"embeddable":true,"href":"https:\/\/radiowebmx.com\/nota\/wp-json\/wp\/v2\/users\/2"}],"replies":[{"embeddable":true,"href":"https:\/\/radiowebmx.com\/nota\/wp-json\/wp\/v2\/comments?post=68479"}],"version-history":[{"count":1,"href":"https:\/\/radiowebmx.com\/nota\/wp-json\/wp\/v2\/posts\/68479\/revisions"}],"predecessor-version":[{"id":68481,"href":"https:\/\/radiowebmx.com\/nota\/wp-json\/wp\/v2\/posts\/68479\/revisions\/68481"}],"wp:featuredmedia":[{"embeddable":true,"href":"https:\/\/radiowebmx.com\/nota\/wp-json\/wp\/v2\/media\/68480"}],"wp:attachment":[{"href":"https:\/\/radiowebmx.com\/nota\/wp-json\/wp\/v2\/media?parent=68479"}],"wp:term":[{"taxonomy":"category","embeddable":true,"href":"https:\/\/radiowebmx.com\/nota\/wp-json\/wp\/v2\/categories?post=68479"},{"taxonomy":"post_tag","embeddable":true,"href":"https:\/\/radiowebmx.com\/nota\/wp-json\/wp\/v2\/tags?post=68479"}],"curies":[{"name":"wp","href":"https:\/\/api.w.org\/{rel}","templated":true}]}}