{"id":68464,"date":"2019-10-14T19:13:56","date_gmt":"2019-10-15T00:13:56","guid":{"rendered":"https:\/\/radiowebmx.com\/nota\/?p=68464"},"modified":"2019-10-14T19:13:56","modified_gmt":"2019-10-15T00:13:56","slug":"mientras-tabasco-ha-crecido-en-gasto-federalizado-michoacan-es-castigado-con-reducciones-antonio-soto","status":"publish","type":"post","link":"https:\/\/radiowebmx.com\/nota\/mientras-tabasco-ha-crecido-en-gasto-federalizado-michoacan-es-castigado-con-reducciones-antonio-soto\/","title":{"rendered":"Mientras Tabasco ha crecido en gasto federalizado, Michoac\u00e1n es castigado con reducciones: Antonio Soto"},"content":{"rendered":"<p>Mientras estados como Tabasco han observado un incremento en su gasto federalizado a lo largo de este 2019, Michoac\u00e1n ha sido sujeto al castigo del Gobierno Federal con la reducci\u00f3n de recursos, conden\u00f3 el diputado Antonio Soto S\u00e1nchez, integrante del Grupo Parlamentario del Partido de la Revoluci\u00f3n Democr\u00e1tica en la LXXIV Legislatura del Congreso del Estado.<\/p>\n<p>El diputado apunt\u00f3 que para agosto pasado s\u00f3lo tres estados exhibieron un gasto federalizado pagado mayor al del mismo periodo de 2018, en donde la tierra del presidente Andr\u00e9s Manuel L\u00f3pez Obrador, Tabasco fue el que present\u00f3 el mayor incremento real del 3.6%, lo que equivale a 2.4 mil millones de pesos.<\/p>\n<p>En el caso de Michoac\u00e1n inform\u00f3 que la reducci\u00f3n del gasto federalizado pagado es de -7.2%, lo que posiciona a nuestro estado como el sexto m\u00e1s castigado por la administraci\u00f3n federal en lo que va del a\u00f1o.<\/p>\n<p>Antonio Soto inform\u00f3 que si bien en lo general las participaciones pagadas lograron crecer en t\u00e9rminos reales en 2.5 por ciento real, esto se reflej\u00f3 y gener\u00f3 beneficios para 24 estados de la Rep\u00fablica de los que Michoac\u00e1n ha quedado excluido.<\/p>\n<p>Por el contrario, apunt\u00f3 que nuestro estado forma parte de las ocho entidades federativas que registran ca\u00eddas reales en el monto de aportaciones pagadas por el gobierno lopezobradorista.<\/p>\n<p>\u201cEl castigo y la dureza con la que este a\u00f1o se ha tratado a Michoac\u00e1n, resulta inexplicable frente a las aportaciones que la entidad representa en materia econ\u00f3mica para el pa\u00eds\u201d.<\/p>\n<p>El legislador record\u00f3 que Michoac\u00e1n se encuentra en el primer lugar nacional en cuanto al valor de la producci\u00f3n agr\u00edcola nacional, adem\u00e1s de ser fuente de atracci\u00f3n de recursos v\u00eda remesas en M\u00e9xico.<\/p>\n<p>As\u00ed Antonio Soto conden\u00f3 el injusto trato que se le ha venido dando a Michoac\u00e1n, ya no s\u00f3lo en la insuficiencia de recursos frescos para la atenci\u00f3n de los problemas que enfrenta, sino tambi\u00e9n al escatim\u00e1rsele y recortarle las participaciones y aportaciones que por norma le corresponden<\/p>\n","protected":false},"excerpt":{"rendered":"<p>Mientras estados como Tabasco han observado un incremento en su gasto federalizado a lo largo de este 2019, Michoac\u00e1n ha sido sujeto al castigo del Gobierno Federal con la reducci\u00f3n de recursos, conden\u00f3 el diputado Antonio Soto S\u00e1nchez, integrante del Grupo Parlamentario del Partido de la Revoluci\u00f3n Democr\u00e1tica en la LXXIV Legislatura del Congreso del [&hellip;]<\/p>\n","protected":false},"author":2,"featured_media":68465,"comment_status":"closed","ping_status":"closed","sticky":false,"template":"","format":"standard","meta":{"footnotes":""},"categories":[6],"tags":[],"class_list":["post-68464","post","type-post","status-publish","format-standard","has-post-thumbnail","hentry","category-congreso-del-estado"],"_links":{"self":[{"href":"https:\/\/radiowebmx.com\/nota\/wp-json\/wp\/v2\/posts\/68464","targetHints":{"allow":["GET"]}}],"collection":[{"href":"https:\/\/radiowebmx.com\/nota\/wp-json\/wp\/v2\/posts"}],"about":[{"href":"https:\/\/radiowebmx.com\/nota\/wp-json\/wp\/v2\/types\/post"}],"author":[{"embeddable":true,"href":"https:\/\/radiowebmx.com\/nota\/wp-json\/wp\/v2\/users\/2"}],"replies":[{"embeddable":true,"href":"https:\/\/radiowebmx.com\/nota\/wp-json\/wp\/v2\/comments?post=68464"}],"version-history":[{"count":1,"href":"https:\/\/radiowebmx.com\/nota\/wp-json\/wp\/v2\/posts\/68464\/revisions"}],"predecessor-version":[{"id":68466,"href":"https:\/\/radiowebmx.com\/nota\/wp-json\/wp\/v2\/posts\/68464\/revisions\/68466"}],"wp:featuredmedia":[{"embeddable":true,"href":"https:\/\/radiowebmx.com\/nota\/wp-json\/wp\/v2\/media\/68465"}],"wp:attachment":[{"href":"https:\/\/radiowebmx.com\/nota\/wp-json\/wp\/v2\/media?parent=68464"}],"wp:term":[{"taxonomy":"category","embeddable":true,"href":"https:\/\/radiowebmx.com\/nota\/wp-json\/wp\/v2\/categories?post=68464"},{"taxonomy":"post_tag","embeddable":true,"href":"https:\/\/radiowebmx.com\/nota\/wp-json\/wp\/v2\/tags?post=68464"}],"curies":[{"name":"wp","href":"https:\/\/api.w.org\/{rel}","templated":true}]}}