{"id":68439,"date":"2019-10-14T18:16:20","date_gmt":"2019-10-14T23:16:20","guid":{"rendered":"https:\/\/radiowebmx.com\/nota\/?p=68439"},"modified":"2019-10-14T18:16:20","modified_gmt":"2019-10-14T23:16:20","slug":"octavio-ocampo-asiste-al-aniversario-del-itsh-y-reconoce-aporte-de-la-institucion-en-pro-de-la-sociedad","status":"publish","type":"post","link":"https:\/\/radiowebmx.com\/nota\/octavio-ocampo-asiste-al-aniversario-del-itsh-y-reconoce-aporte-de-la-institucion-en-pro-de-la-sociedad\/","title":{"rendered":"Octavio Ocampo asiste al aniversario del ITSH y reconoce aporte de la instituci\u00f3n en pro de la sociedad"},"content":{"rendered":"<p>Al asistir al XVIII Aniversario del Instituto Tecnol\u00f3gico Superior de Huetamo (ITSH) el diputado local Octavio Ocampo C\u00f3rdova reconoci\u00f3 a la instituci\u00f3n por su aporte a Michoac\u00e1n, al formar a j\u00f3venes talentosos y con futuro y resalt\u00f3 que apostarle a la educaci\u00f3n es garantizar desarrollo y progreso en nuestro pa\u00eds.<\/p>\n<p>Durante el evento en el que estuvieron presentes invitados especiales, acad\u00e9micos y la comunidad estudiantil, as\u00ed como la directora del ITSH, Jaqueline G\u00f3mez Picazo, Nicol\u00e1s Zalapa Vargas, Director de Educaci\u00f3n Superior en el Estado, y representante del Gobernador en Michoac\u00e1n, Silvano Aureoles Conejo, Ely Gardu\u00f1o presidenta municipal de Car\u00e1cuaro, Lorena Andrade Maldonado presidenta del DIF Municipal en Huetamo, y Jos\u00e9 Antonio Sotelo Aguirre, Secretario General del Sindicato \u00danico de Trabajadores de la instituci\u00f3n, el legislador reconoci\u00f3 a todo el personal y a los estudiantes por su gran aporte en la construcci\u00f3n de una mejor sociedad.<\/p>\n<p>\u201cLa educaci\u00f3n hoy por hoy es uno de los pilares fundamentales de desarrollo en nuestro pa\u00eds, ya que es el arma para enfrentar los retos de la vida, nosotros como representantes populares siempre debemos ayudar para que ni\u00f1os y j\u00f3venes tengan garantizado su derecho a recibir educaci\u00f3n p\u00fablica en todos los niveles\u201d, expres\u00f3 el legislador por el Distrito de Huetamo.<\/p>\n<p>El diputado integrante de la Comisi\u00f3n de Educaci\u00f3n en la LXXIV Legislatura Local reconoci\u00f3 que el ITSH le ha cambiado la vida a muchas familias no solo de Huetamo, sino de toda la regi\u00f3n, por lo que convoc\u00f3 a sentirse orgullosos del Instituto Tecnol\u00f3gico, el cual ha tenido un crecimiento en calidad educativa y en matricula.<\/p>\n<p>La gran excelencia del ITSH, refiri\u00f3, debe ser ejemplo para todos, por ello, reconoci\u00f3 destac\u00f3 la labor de los que hacen posible que este instituto prepare a j\u00f3venes con todas las herramientas necesarias para salir adelante.<\/p>\n<p>Felicit\u00f3 a toda la familia tecnol\u00f3gico por su XVIII aniversario, gran instituci\u00f3n que ha formado a muchos alumnos de bien y que hoy son un ejemplo para todos, de que cuando se quiere se puede, m\u00e1s all\u00e1 de las adversidades.<\/p>\n<p>En el marco de la conmemoraci\u00f3n del aniversario se hizo entrega de distintos reconocimientos a docentes con m\u00e1s de 5, 10 y 15 a\u00f1os, de quienes se destac\u00f3 su trayectoria para continuar forjando un mejor futuro por la regi\u00f3n, al impulsar a las y los j\u00f3venes a concluir sus estudios.<\/p>\n<p>Asimismo se reconoci\u00f3 a los alumnos que han puesto en alto el nombre del ITSH y han destacado por su gran desempe\u00f1o en las distintas carreras como son: Gesti\u00f3n Empresarial, Sistemas Computacionales, Industrias Alimentaria e Industrial.<\/p>\n<p>En el marco del evento, el legislador tambi\u00e9n reconoci\u00f3 a la estudiante Felipa Moreno S\u00e1nchez, una gran alumna de la instituci\u00f3n, que recientemente particip\u00f3 en el 7\u00b0 parlamento juvenil 2019 organizado por el Congreso del Estado.<\/p>\n<p>Finalmente manifest\u00f3 a los asistentes que en \u00e9l tienen un aliado para construir y fortalecer al Instituto Tecnol\u00f3gico Superior de Huetamo y convocar a seguir despertando en adolescentes y j\u00f3venes el inter\u00e9s por continuar con su formaci\u00f3n acad\u00e9mica, ya que es la \u00fanica v\u00eda para progresar.<\/p>\n","protected":false},"excerpt":{"rendered":"<p>Al asistir al XVIII Aniversario del Instituto Tecnol\u00f3gico Superior de Huetamo (ITSH) el diputado local Octavio Ocampo C\u00f3rdova reconoci\u00f3 a la instituci\u00f3n por su aporte a Michoac\u00e1n, al formar a j\u00f3venes talentosos y con futuro y resalt\u00f3 que apostarle a la educaci\u00f3n es garantizar desarrollo y progreso en nuestro pa\u00eds. Durante el evento en el [&hellip;]<\/p>\n","protected":false},"author":2,"featured_media":68440,"comment_status":"closed","ping_status":"closed","sticky":false,"template":"","format":"standard","meta":{"footnotes":""},"categories":[6],"tags":[],"class_list":["post-68439","post","type-post","status-publish","format-standard","has-post-thumbnail","hentry","category-congreso-del-estado"],"_links":{"self":[{"href":"https:\/\/radiowebmx.com\/nota\/wp-json\/wp\/v2\/posts\/68439","targetHints":{"allow":["GET"]}}],"collection":[{"href":"https:\/\/radiowebmx.com\/nota\/wp-json\/wp\/v2\/posts"}],"about":[{"href":"https:\/\/radiowebmx.com\/nota\/wp-json\/wp\/v2\/types\/post"}],"author":[{"embeddable":true,"href":"https:\/\/radiowebmx.com\/nota\/wp-json\/wp\/v2\/users\/2"}],"replies":[{"embeddable":true,"href":"https:\/\/radiowebmx.com\/nota\/wp-json\/wp\/v2\/comments?post=68439"}],"version-history":[{"count":1,"href":"https:\/\/radiowebmx.com\/nota\/wp-json\/wp\/v2\/posts\/68439\/revisions"}],"predecessor-version":[{"id":68441,"href":"https:\/\/radiowebmx.com\/nota\/wp-json\/wp\/v2\/posts\/68439\/revisions\/68441"}],"wp:featuredmedia":[{"embeddable":true,"href":"https:\/\/radiowebmx.com\/nota\/wp-json\/wp\/v2\/media\/68440"}],"wp:attachment":[{"href":"https:\/\/radiowebmx.com\/nota\/wp-json\/wp\/v2\/media?parent=68439"}],"wp:term":[{"taxonomy":"category","embeddable":true,"href":"https:\/\/radiowebmx.com\/nota\/wp-json\/wp\/v2\/categories?post=68439"},{"taxonomy":"post_tag","embeddable":true,"href":"https:\/\/radiowebmx.com\/nota\/wp-json\/wp\/v2\/tags?post=68439"}],"curies":[{"name":"wp","href":"https:\/\/api.w.org\/{rel}","templated":true}]}}