{"id":68436,"date":"2019-10-14T18:13:43","date_gmt":"2019-10-14T23:13:43","guid":{"rendered":"https:\/\/radiowebmx.com\/nota\/?p=68436"},"modified":"2019-10-14T18:13:43","modified_gmt":"2019-10-14T23:13:43","slug":"impulsa-ernesto-nunez-programa-de-consultas-medicas-a-bajo-costo-2","status":"publish","type":"post","link":"https:\/\/radiowebmx.com\/nota\/impulsa-ernesto-nunez-programa-de-consultas-medicas-a-bajo-costo-2\/","title":{"rendered":"Impulsa Ernesto N\u00fa\u00f1ez programa de consultas m\u00e9dicas a bajo costo"},"content":{"rendered":"<p>El coordinador parlamentario del Partido Verde Ecologista de M\u00e9xico (PVEM), Ernesto N\u00fa\u00f1ez Aguilar y la Asociaci\u00f3n de M\u00e9dicos Interdisciplinarios del Estado de Michoac\u00e1n sumaron esfuerzos a favor de la ciudadan\u00eda y ofrecer\u00e1n consultas de medicina general y de ocho especialidades a bajo costo para las y los morelianos.<\/p>\n<p>&nbsp;<\/p>\n<p>Tras signar el acuerdo de colaboraci\u00f3n entre el legislador local y la asociaci\u00f3n civil, integrada por m\u00e1s de 20 profesionales de distintas \u00e1reas de la medicina, se puso en marcha el Programa de Consulta M\u00e9dica a Bajo Costo con el que adem\u00e1s de poner a disposici\u00f3n servicios de salud, tambi\u00e9n beneficiar\u00e1 a los bolsillos de los ciudadanos puesto que los montos oscilar\u00e1n entre un 50 y 60 por ciento menos del costo habitual de una consulta.<\/p>\n<p>&nbsp;<\/p>\n<p>\u201cEstamos muy contentos por la puesta en marcha de este programa, tuvimos varias reuniones con m\u00e9dicos que tienen una incre\u00edble vocaci\u00f3n de servicio para ayudar a la gente, sobretodo de bajos recursos, y este d\u00eda sin duda logramos concretar esta alianza y ofrecer\u00e1n muy bajos costos en las consultas e incluso ofertar medicina de manera gratuita\u201d, se\u00f1al\u00f3 N\u00fa\u00f1ez Aguilar.<\/p>\n<p>&nbsp;<\/p>\n<p>El legislador local por el Partido Verde inform\u00f3 que a partir de este viernes y en lo pr\u00f3ximo estar\u00e1n entreg\u00e1ndose tarjetas informativas a trav\u00e9s de los recorridos en las distintas colonias de la capital michoacana para que las personas que requieran la atenci\u00f3n se acerquen con los m\u00e9dicos que suscribieron el acuerdo.<\/p>\n<p>&nbsp;<\/p>\n<p>Aunado a que en redes sociales y en su oficina de gesti\u00f3n en el Congreso del Estado tambi\u00e9n se informar\u00e1 y canalizar\u00e1 a las personas necesitadas con cada uno de los m\u00e9dicos que integraron esta alianza, y qui\u00e9nes ofrecen servicios de salud en \u00e1reas como pediatr\u00eda, oftalmolog\u00eda, medicina general e internista, ginecolog\u00eda, geriatr\u00eda y cardiolog\u00eda, por mencionar algunas.<\/p>\n<p>&nbsp;<\/p>\n<p>\u201cLo que planteamos es ofrecerles consultas a bajo costo, en ocasiones ir con doctores especialistas es muy caro y lo dejan de lado, pero ahora con este convenio vamos a poder apoyar a la gente de Morelia para que se atienda\u201d, agreg\u00f3 N\u00fa\u00f1ez Aguilar.<\/p>\n<p>&nbsp;<\/p>\n<p>De ah\u00ed que al reconocer en primer instancia la disposici\u00f3n de la plantilla de m\u00e9dicos de dicha asociaci\u00f3n, precisara que dicho programa no es partidista, ni tampoco busca plasmar alg\u00fan tinte pol\u00edtico, ya que es esfuerzo entre el mismo legislador y la sociedad civil, invitando as\u00ed a los galenos interesados a sumarse a esta iniciativa, a fin de que pueda replicarse en otros municipios de Michoac\u00e1n.<\/p>\n","protected":false},"excerpt":{"rendered":"<p>El coordinador parlamentario del Partido Verde Ecologista de M\u00e9xico (PVEM), Ernesto N\u00fa\u00f1ez Aguilar y la Asociaci\u00f3n de M\u00e9dicos Interdisciplinarios del Estado de Michoac\u00e1n sumaron esfuerzos a favor de la ciudadan\u00eda y ofrecer\u00e1n consultas de medicina general y de ocho especialidades a bajo costo para las y los morelianos. &nbsp; Tras signar el acuerdo de colaboraci\u00f3n [&hellip;]<\/p>\n","protected":false},"author":2,"featured_media":68437,"comment_status":"closed","ping_status":"closed","sticky":false,"template":"","format":"standard","meta":{"footnotes":""},"categories":[6],"tags":[],"class_list":["post-68436","post","type-post","status-publish","format-standard","has-post-thumbnail","hentry","category-congreso-del-estado"],"_links":{"self":[{"href":"https:\/\/radiowebmx.com\/nota\/wp-json\/wp\/v2\/posts\/68436","targetHints":{"allow":["GET"]}}],"collection":[{"href":"https:\/\/radiowebmx.com\/nota\/wp-json\/wp\/v2\/posts"}],"about":[{"href":"https:\/\/radiowebmx.com\/nota\/wp-json\/wp\/v2\/types\/post"}],"author":[{"embeddable":true,"href":"https:\/\/radiowebmx.com\/nota\/wp-json\/wp\/v2\/users\/2"}],"replies":[{"embeddable":true,"href":"https:\/\/radiowebmx.com\/nota\/wp-json\/wp\/v2\/comments?post=68436"}],"version-history":[{"count":1,"href":"https:\/\/radiowebmx.com\/nota\/wp-json\/wp\/v2\/posts\/68436\/revisions"}],"predecessor-version":[{"id":68438,"href":"https:\/\/radiowebmx.com\/nota\/wp-json\/wp\/v2\/posts\/68436\/revisions\/68438"}],"wp:featuredmedia":[{"embeddable":true,"href":"https:\/\/radiowebmx.com\/nota\/wp-json\/wp\/v2\/media\/68437"}],"wp:attachment":[{"href":"https:\/\/radiowebmx.com\/nota\/wp-json\/wp\/v2\/media?parent=68436"}],"wp:term":[{"taxonomy":"category","embeddable":true,"href":"https:\/\/radiowebmx.com\/nota\/wp-json\/wp\/v2\/categories?post=68436"},{"taxonomy":"post_tag","embeddable":true,"href":"https:\/\/radiowebmx.com\/nota\/wp-json\/wp\/v2\/tags?post=68436"}],"curies":[{"name":"wp","href":"https:\/\/api.w.org\/{rel}","templated":true}]}}