{"id":68430,"date":"2019-10-11T19:10:09","date_gmt":"2019-10-12T00:10:09","guid":{"rendered":"https:\/\/radiowebmx.com\/nota\/?p=68430"},"modified":"2019-10-11T19:10:09","modified_gmt":"2019-10-12T00:10:09","slug":"el-prd-a-favor-de-garantizar-derechos-de-las-ninas-y-las-adolescentes","status":"publish","type":"post","link":"https:\/\/radiowebmx.com\/nota\/el-prd-a-favor-de-garantizar-derechos-de-las-ninas-y-las-adolescentes\/","title":{"rendered":"El PRD, a favor de garantizar derechos de las ni\u00f1as y las adolescentes"},"content":{"rendered":"<p>El Comit\u00e9 Ejecutivo Estatal (CEE) del Partido de la Revoluci\u00f3n Democr\u00e1tica (PRD), se pronunci\u00f3 a favor de seguir generando un entorno favorable que permita a las ni\u00f1as y las adolescentes ejercer sus derechos.<\/p>\n<p>En el marco del D\u00eda Internacional de la Ni\u00f1a, el Presidente del CEE- PRD, Juan Bernardo Corona, declar\u00f3 que de manera conjunta la sociedad y los tres \u00f3rdenes de gobierno, deben coordinar pol\u00edticas p\u00fablicas que contribuyan al pleno desarrollo de las ni\u00f1as.<\/p>\n<p>Destac\u00f3 que el Partido de la Revoluci\u00f3n Democr\u00e1tica (PRD), desde su Fundaci\u00f3n hace 30 a\u00f1os, ha sido promotor de una Agenda de G\u00e9nero, ha impulsado leyes a favor de las mujeres, como la paridad de g\u00e9nero.<\/p>\n<p>El Dirigente del PRD en Michoac\u00e1n, dijo que en M\u00e9xico hay asignaturas pendientes que deben ser atendidas como el embarazo infantil y en adolescentes, la discriminaci\u00f3n por raz\u00f3n de g\u00e9nero, as\u00ed como la carencia de acceso a salud, educaci\u00f3n y alimentaci\u00f3n en algunas regiones del pa\u00eds.<\/p>\n<p>Refiri\u00f3 que de acuerdo con informaci\u00f3n del Consejo Nacional de Evaluaci\u00f3n de la Pol\u00edtica de Desarrollo Social (CONEVAL), el 53.9 por ciento de las ni\u00f1as mexicanas de 0 a 17 a\u00f1os viven en situaci\u00f3n de pobreza, y el 78.6 de las ind\u00edgenas se encuentra en esta condici\u00f3n.<\/p>\n<p>De acuerdo con el INEGI, el 42.8 por ciento de las chicas de 15 a 17 a\u00f1os son analfabetas, y la Encuesta Nacional sobre la Din\u00e1mica de las Relaciones en los Hogares (ENDIREH), se\u00f1ala que 9 de cada 10 chicas de 15 a\u00f1os o m\u00e1s, han experimentado violencia emocional , 6 de cada 10, violencia econ\u00f3mica, 4 f\u00edsica y 2 sexual.<\/p>\n<p>\u201cMe parece que cada quien en el \u00e1mbito de nuestra competencia, tenemos que seguir aportando, impulsando leyes, acciones y pol\u00edticas p\u00fablicas que garanticen el ejercicio de los derechos de las ni\u00f1as y adolescentes\u201d, expres\u00f3 Juan Bernardo Corona.<\/p>\n<p>El D\u00eda Internacional de la ni\u00f1a, se instaur\u00f3 en diciembre de 2011 por la Asamblea General de las Naciones Unidas, para fomentar el reconocimiento de los derechos de las ni\u00f1as y sobre todo visibilizar los problemas que enfrentan en el mundo.<\/p>\n","protected":false},"excerpt":{"rendered":"<p>El Comit\u00e9 Ejecutivo Estatal (CEE) del Partido de la Revoluci\u00f3n Democr\u00e1tica (PRD), se pronunci\u00f3 a favor de seguir generando un entorno favorable que permita a las ni\u00f1as y las adolescentes ejercer sus derechos. En el marco del D\u00eda Internacional de la Ni\u00f1a, el Presidente del CEE- PRD, Juan Bernardo Corona, declar\u00f3 que de manera conjunta [&hellip;]<\/p>\n","protected":false},"author":2,"featured_media":68431,"comment_status":"closed","ping_status":"closed","sticky":false,"template":"","format":"standard","meta":{"footnotes":""},"categories":[6],"tags":[],"class_list":["post-68430","post","type-post","status-publish","format-standard","has-post-thumbnail","hentry","category-congreso-del-estado"],"_links":{"self":[{"href":"https:\/\/radiowebmx.com\/nota\/wp-json\/wp\/v2\/posts\/68430","targetHints":{"allow":["GET"]}}],"collection":[{"href":"https:\/\/radiowebmx.com\/nota\/wp-json\/wp\/v2\/posts"}],"about":[{"href":"https:\/\/radiowebmx.com\/nota\/wp-json\/wp\/v2\/types\/post"}],"author":[{"embeddable":true,"href":"https:\/\/radiowebmx.com\/nota\/wp-json\/wp\/v2\/users\/2"}],"replies":[{"embeddable":true,"href":"https:\/\/radiowebmx.com\/nota\/wp-json\/wp\/v2\/comments?post=68430"}],"version-history":[{"count":1,"href":"https:\/\/radiowebmx.com\/nota\/wp-json\/wp\/v2\/posts\/68430\/revisions"}],"predecessor-version":[{"id":68432,"href":"https:\/\/radiowebmx.com\/nota\/wp-json\/wp\/v2\/posts\/68430\/revisions\/68432"}],"wp:featuredmedia":[{"embeddable":true,"href":"https:\/\/radiowebmx.com\/nota\/wp-json\/wp\/v2\/media\/68431"}],"wp:attachment":[{"href":"https:\/\/radiowebmx.com\/nota\/wp-json\/wp\/v2\/media?parent=68430"}],"wp:term":[{"taxonomy":"category","embeddable":true,"href":"https:\/\/radiowebmx.com\/nota\/wp-json\/wp\/v2\/categories?post=68430"},{"taxonomy":"post_tag","embeddable":true,"href":"https:\/\/radiowebmx.com\/nota\/wp-json\/wp\/v2\/tags?post=68430"}],"curies":[{"name":"wp","href":"https:\/\/api.w.org\/{rel}","templated":true}]}}