{"id":68400,"date":"2019-10-11T18:57:49","date_gmt":"2019-10-11T23:57:49","guid":{"rendered":"https:\/\/radiowebmx.com\/nota\/?p=68400"},"modified":"2019-10-11T18:57:49","modified_gmt":"2019-10-11T23:57:49","slug":"tony-martinez-realiza-gira-de-trabajo-en-zinapecuaro-y-querendaro","status":"publish","type":"post","link":"https:\/\/radiowebmx.com\/nota\/tony-martinez-realiza-gira-de-trabajo-en-zinapecuaro-y-querendaro\/","title":{"rendered":"Tony Mart\u00ednez realiza gira de trabajo en Zinap\u00e9cuaro y Quer\u00e9ndaro"},"content":{"rendered":"<p>El diputado Norberto Antonio Mart\u00ednez Soto, integrante de la LXXIV Legislatura en el Congreso del Estado acompa\u00f1\u00f3 este viernes las Caravanas de la Salud que gestion\u00f3 ante el Gobierno del Estado en la Tenencia de Ojo de Agua de Bucio en el municipio de Zinap\u00e9cuaro.<\/p>\n<p>Comprometido con la salud y bienestar de la poblaci\u00f3n, y para atender una de las principales demandas de la sociedad, el diputado puso al alcance diversos servicios m\u00e9dicos gratuitos, en coordinaci\u00f3n con la Secretar\u00eda de Salud de Michoac\u00e1n, l\u00edderes y regidores del municipio de Zinap\u00e9cuaro.<\/p>\n<p>Tony Mart\u00ednez coment\u00f3 que se pone a disposici\u00f3n de la poblaci\u00f3n unidades de entrevista, somatometr\u00eda y toma de signos vitales, laboratorio cl\u00ednico, ant\u00edgeno prost\u00e1tico, mastograf\u00edas y electrocardiogramas, y que todos estos servicios ser\u00e1n completamente gratuitos.<\/p>\n<p>Estas jornadas m\u00e9dicas dio a conocer que estar\u00e1n a partir del d\u00eda lunes hasta el viernes, las cu\u00e1les se trasladar\u00e1n a San Ildefonso, San Miguel Taimeo, Bocaneo, Araro y La Estaci\u00f3n, respectivamente, con la finalidad de que la poblaci\u00f3n con mayor vulnerabilidad de Zinap\u00e9cuaro pueda acceder a todos los servicios y mejorar sus condiciones de vida.<\/p>\n<p>Asimismo, por invitaci\u00f3n de Edgar Barrera, Presidente Municipal de Quer\u00e9ndaro, Tony Mart\u00ednez asisti\u00f3 a la colocaci\u00f3n de la primera piedra para la pr\u00f3xima Casa del Adulto Mayor, misma que es una deuda con este sector desde hace d\u00e9cadas.<\/p>\n<p>En un emotivo evento y con el \u00e1nimo de cristalizar esta emblem\u00e1tica obra, el amigo Tony realiz\u00f3 un donativo personal de 50 mil pesos y su suplente el licenciado Ali Melchor realiz\u00f3 el compromiso de donar cemento.<\/p>\n","protected":false},"excerpt":{"rendered":"<p>El diputado Norberto Antonio Mart\u00ednez Soto, integrante de la LXXIV Legislatura en el Congreso del Estado acompa\u00f1\u00f3 este viernes las Caravanas de la Salud que gestion\u00f3 ante el Gobierno del Estado en la Tenencia de Ojo de Agua de Bucio en el municipio de Zinap\u00e9cuaro. Comprometido con la salud y bienestar de la poblaci\u00f3n, y [&hellip;]<\/p>\n","protected":false},"author":2,"featured_media":68401,"comment_status":"closed","ping_status":"closed","sticky":false,"template":"","format":"standard","meta":{"footnotes":""},"categories":[6],"tags":[],"class_list":["post-68400","post","type-post","status-publish","format-standard","has-post-thumbnail","hentry","category-congreso-del-estado"],"_links":{"self":[{"href":"https:\/\/radiowebmx.com\/nota\/wp-json\/wp\/v2\/posts\/68400","targetHints":{"allow":["GET"]}}],"collection":[{"href":"https:\/\/radiowebmx.com\/nota\/wp-json\/wp\/v2\/posts"}],"about":[{"href":"https:\/\/radiowebmx.com\/nota\/wp-json\/wp\/v2\/types\/post"}],"author":[{"embeddable":true,"href":"https:\/\/radiowebmx.com\/nota\/wp-json\/wp\/v2\/users\/2"}],"replies":[{"embeddable":true,"href":"https:\/\/radiowebmx.com\/nota\/wp-json\/wp\/v2\/comments?post=68400"}],"version-history":[{"count":1,"href":"https:\/\/radiowebmx.com\/nota\/wp-json\/wp\/v2\/posts\/68400\/revisions"}],"predecessor-version":[{"id":68402,"href":"https:\/\/radiowebmx.com\/nota\/wp-json\/wp\/v2\/posts\/68400\/revisions\/68402"}],"wp:featuredmedia":[{"embeddable":true,"href":"https:\/\/radiowebmx.com\/nota\/wp-json\/wp\/v2\/media\/68401"}],"wp:attachment":[{"href":"https:\/\/radiowebmx.com\/nota\/wp-json\/wp\/v2\/media?parent=68400"}],"wp:term":[{"taxonomy":"category","embeddable":true,"href":"https:\/\/radiowebmx.com\/nota\/wp-json\/wp\/v2\/categories?post=68400"},{"taxonomy":"post_tag","embeddable":true,"href":"https:\/\/radiowebmx.com\/nota\/wp-json\/wp\/v2\/tags?post=68400"}],"curies":[{"name":"wp","href":"https:\/\/api.w.org\/{rel}","templated":true}]}}