{"id":68388,"date":"2019-10-11T18:51:43","date_gmt":"2019-10-11T23:51:43","guid":{"rendered":"https:\/\/radiowebmx.com\/nota\/?p=68388"},"modified":"2019-10-11T18:51:43","modified_gmt":"2019-10-11T23:51:43","slug":"ninas-en-mexico-en-condicion-potenciada-de-vulnerabilidad-araceli-saucedo","status":"publish","type":"post","link":"https:\/\/radiowebmx.com\/nota\/ninas-en-mexico-en-condicion-potenciada-de-vulnerabilidad-araceli-saucedo\/","title":{"rendered":"Ni\u00f1as en M\u00e9xico, en condici\u00f3n potenciada de vulnerabilidad: Araceli Saucedo"},"content":{"rendered":"<p>Frente al contexto de inseguridad y violencia por la que atraviesa M\u00e9xico, es necesario ahondar las tareas y acciones de protecci\u00f3n a nuestras ni\u00f1as, quienes viven una condici\u00f3n potenciada de vulnerabilidad, subray\u00f3 la diputada Araceli Saucedo Reyes, coordinadora del Grupo Parlamentario del Partido de la Revoluci\u00f3n Democr\u00e1tica en la LXXIV Legislatura del Congreso del Estado.<\/p>\n<p>Al conmemorarse este viernes el D\u00eda Internacional de la Ni\u00f1a, la diputada por el Distrito de P\u00e1tzcuaro, recalc\u00f3 que en M\u00e9xico debemos hacer a\u00fan mucho para que al nacer una ni\u00f1a, no implique en s\u00ed mismo una situaci\u00f3n de desventaja social.<\/p>\n<p>Reconoci\u00f3 que si bien en nuestro pa\u00eds se ha ido avanzando hacia horizontes de equidad entre hombres y mujeres, lo cierto es que a\u00fan falta mucho camino por andar, debido a que la condici\u00f3n femenina es un factor de desventaja para el desarrollo pleno en M\u00e9xico, por culturas que deben ser erradicadas, para garantizar el pleno respeto y progreso de las ni\u00f1as y mujeres.<\/p>\n<p>De manera particular se\u00f1al\u00f3 que las ni\u00f1as en nuestro pa\u00eds viven situaciones cotidianas de violencia que condicionan su futuro, y record\u00f3 que cerca de 700 millones de mujeres mexicanas se casaron siendo ni\u00f1as, e incluso hoy d\u00eda, una de cada cinco contraen matrimonio antes de alcanzar la mayor\u00eda de edad.<\/p>\n<p>Apunt\u00f3 que el Instituto Nacional de las Mujeres ha reportado que en M\u00e9xico cada d\u00eda 34 ni\u00f1as quedan embarazadas producto de violaciones y agresi\u00f3n sexual, lo que se refleja de manera directa en que al a\u00f1o once mil ni\u00f1as se conviertan en madres.<\/p>\n<p>\u201cLas ni\u00f1as sufren m\u00faltiples tipos de violencia en todos los \u00e1mbitos, en el hogar, en el espacio p\u00fablico, en la escuela, en el trabajo, en el ciberespacio, en la comunidad y en las instituciones, lo que es producto de la desigualdad y de la discriminaci\u00f3n de g\u00e9nero\u201d.<\/p>\n<p>Araceli Saucedo refiri\u00f3 que el 29.7% de las ni\u00f1as dedican m\u00e1s de 28 horas semanales a realizar trabajo dom\u00e9stico, mientras que el porcentaje de ni\u00f1os s\u00f3lo llega al 4.7%, mientras que el 58.2% de las ni\u00f1as y adolescentes que trabajan cubren una triple jornada, ya que adem\u00e1s de trabajar realizan quehaceres dom\u00e9sticos y tambi\u00e9n estudian.<\/p>\n<p>Agreg\u00f3 adem\u00e1s que en el contexto de violencia nacional, otro problema que amenaza y afecta directamente a las ni\u00f1as mexicanas es el de la trata, en donde los datos de la Unicef revelan que las menores v\u00edctimas son sometidos a diversas situaciones de explotaci\u00f3n, entre las que destacan la explotaci\u00f3n laboral, trabajo dom\u00e9stico, explotaci\u00f3n sexual, adopci\u00f3n irregular y tr\u00e1fico de \u00f3rganos.<\/p>\n","protected":false},"excerpt":{"rendered":"<p>Frente al contexto de inseguridad y violencia por la que atraviesa M\u00e9xico, es necesario ahondar las tareas y acciones de protecci\u00f3n a nuestras ni\u00f1as, quienes viven una condici\u00f3n potenciada de vulnerabilidad, subray\u00f3 la diputada Araceli Saucedo Reyes, coordinadora del Grupo Parlamentario del Partido de la Revoluci\u00f3n Democr\u00e1tica en la LXXIV Legislatura del Congreso del Estado. [&hellip;]<\/p>\n","protected":false},"author":2,"featured_media":68389,"comment_status":"closed","ping_status":"closed","sticky":false,"template":"","format":"standard","meta":{"footnotes":""},"categories":[6],"tags":[],"class_list":["post-68388","post","type-post","status-publish","format-standard","has-post-thumbnail","hentry","category-congreso-del-estado"],"_links":{"self":[{"href":"https:\/\/radiowebmx.com\/nota\/wp-json\/wp\/v2\/posts\/68388","targetHints":{"allow":["GET"]}}],"collection":[{"href":"https:\/\/radiowebmx.com\/nota\/wp-json\/wp\/v2\/posts"}],"about":[{"href":"https:\/\/radiowebmx.com\/nota\/wp-json\/wp\/v2\/types\/post"}],"author":[{"embeddable":true,"href":"https:\/\/radiowebmx.com\/nota\/wp-json\/wp\/v2\/users\/2"}],"replies":[{"embeddable":true,"href":"https:\/\/radiowebmx.com\/nota\/wp-json\/wp\/v2\/comments?post=68388"}],"version-history":[{"count":1,"href":"https:\/\/radiowebmx.com\/nota\/wp-json\/wp\/v2\/posts\/68388\/revisions"}],"predecessor-version":[{"id":68390,"href":"https:\/\/radiowebmx.com\/nota\/wp-json\/wp\/v2\/posts\/68388\/revisions\/68390"}],"wp:featuredmedia":[{"embeddable":true,"href":"https:\/\/radiowebmx.com\/nota\/wp-json\/wp\/v2\/media\/68389"}],"wp:attachment":[{"href":"https:\/\/radiowebmx.com\/nota\/wp-json\/wp\/v2\/media?parent=68388"}],"wp:term":[{"taxonomy":"category","embeddable":true,"href":"https:\/\/radiowebmx.com\/nota\/wp-json\/wp\/v2\/categories?post=68388"},{"taxonomy":"post_tag","embeddable":true,"href":"https:\/\/radiowebmx.com\/nota\/wp-json\/wp\/v2\/tags?post=68388"}],"curies":[{"name":"wp","href":"https:\/\/api.w.org\/{rel}","templated":true}]}}