{"id":68207,"date":"2019-10-07T19:06:43","date_gmt":"2019-10-08T00:06:43","guid":{"rendered":"https:\/\/radiowebmx.com\/nota\/?p=68207"},"modified":"2019-10-07T19:06:43","modified_gmt":"2019-10-08T00:06:43","slug":"en-coalcoman-primero-esta-la-obra-publica-antonio-morales","status":"publish","type":"post","link":"https:\/\/radiowebmx.com\/nota\/en-coalcoman-primero-esta-la-obra-publica-antonio-morales\/","title":{"rendered":"En Coalcom\u00e1n, primero est\u00e1 la  obra p\u00fablica: Antonio Morales"},"content":{"rendered":"<p class=\"x_MsoNormal\">Las obras p\u00fablicas son el eje central de todo gobierno, porque la poblaci\u00f3n espera ver sus impuestos reflejados en una mejor infraestructura que le permita desarrollar sus actividades productivas con mejores resultados, asegur\u00f3 el presidente municipal de Coalcom\u00e1n Jos\u00e9 Antonio Morales Arteaga, en el marco de la inauguraci\u00f3n de una rehabilitaci\u00f3n de drenaje y agua potable en la colonia Tinoco Rub\u00ed, as\u00ed como el arranque de otra acci\u00f3n similar en la colonia Prados Verdes.<\/p>\n<p class=\"x_MsoNormal\">\n<p class=\"x_MsoNormal\">En primer t\u00e9rmino, acompa\u00f1ado por el director de Obras P\u00fablicas Javier Mendoza Gonz\u00e1lez, funcionarios del Ayuntamiento y vecinos beneficiados, el alcalde dio inicio a los trabajos de rehabilitaci\u00f3n de la red drenaje y agua potable de la calle Higuera de la colonia Prados Verdes, con la que se proporcionar\u00e1n los servicios b\u00e1sicos de agua y drenaje sanitario, as\u00ed como una adecuada vialidad, tanto para los conductores de veh\u00edculos, como transe\u00fantes que d\u00eda a d\u00eda transitan por esa vialidad.<\/p>\n<p class=\"x_MsoNormal\">\n<p class=\"x_MsoNormal\">El proyecto obra cuenta con 197 metros lineales por ocho de arroyo adem\u00e1s de las banquetas lo que arroja mil 970 metros cuadrados de obra.<\/p>\n<p class=\"x_MsoNormal\">\n<p class=\"x_MsoNormal\">Enseguida, Morales Arteaga se traslad\u00f3 a la calle Loma Bonita, en la colonia Tinoco Rub\u00ed, donde cort\u00f3 el list\u00f3n inaugural de la rehabilitaci\u00f3n de la red drenaje y agua potable, obra que consisti\u00f3 en 60 metros lineales por 10 de arroyo, adem\u00e1s de las banquetas, lo que arroja una obra realizada total de 600 metros cuadrados.<\/p>\n<p class=\"x_MsoNormal\">\n<p class=\"x_MsoNormal\">Finalmente, el alcalde sostuvo que el prop\u00f3sito central de su administraci\u00f3n, es proporcionar las obras y acciones necesarias para beneficiar preferentemente a la poblaci\u00f3n con mayores niveles de rezago social y cumplir, de esa forma, con los compromisos que adquiri\u00f3 durante su campa\u00f1a.<\/p>\n","protected":false},"excerpt":{"rendered":"<p>Las obras p\u00fablicas son el eje central de todo gobierno, porque la poblaci\u00f3n espera ver sus impuestos reflejados en una mejor infraestructura que le permita desarrollar sus actividades productivas con mejores resultados, asegur\u00f3 el presidente municipal de Coalcom\u00e1n Jos\u00e9 Antonio Morales Arteaga, en el marco de la inauguraci\u00f3n de una rehabilitaci\u00f3n de drenaje y agua [&hellip;]<\/p>\n","protected":false},"author":2,"featured_media":68208,"comment_status":"closed","ping_status":"closed","sticky":false,"template":"","format":"standard","meta":{"footnotes":""},"categories":[96],"tags":[],"class_list":["post-68207","post","type-post","status-publish","format-standard","has-post-thumbnail","hentry","category-municipios"],"_links":{"self":[{"href":"https:\/\/radiowebmx.com\/nota\/wp-json\/wp\/v2\/posts\/68207","targetHints":{"allow":["GET"]}}],"collection":[{"href":"https:\/\/radiowebmx.com\/nota\/wp-json\/wp\/v2\/posts"}],"about":[{"href":"https:\/\/radiowebmx.com\/nota\/wp-json\/wp\/v2\/types\/post"}],"author":[{"embeddable":true,"href":"https:\/\/radiowebmx.com\/nota\/wp-json\/wp\/v2\/users\/2"}],"replies":[{"embeddable":true,"href":"https:\/\/radiowebmx.com\/nota\/wp-json\/wp\/v2\/comments?post=68207"}],"version-history":[{"count":1,"href":"https:\/\/radiowebmx.com\/nota\/wp-json\/wp\/v2\/posts\/68207\/revisions"}],"predecessor-version":[{"id":68209,"href":"https:\/\/radiowebmx.com\/nota\/wp-json\/wp\/v2\/posts\/68207\/revisions\/68209"}],"wp:featuredmedia":[{"embeddable":true,"href":"https:\/\/radiowebmx.com\/nota\/wp-json\/wp\/v2\/media\/68208"}],"wp:attachment":[{"href":"https:\/\/radiowebmx.com\/nota\/wp-json\/wp\/v2\/media?parent=68207"}],"wp:term":[{"taxonomy":"category","embeddable":true,"href":"https:\/\/radiowebmx.com\/nota\/wp-json\/wp\/v2\/categories?post=68207"},{"taxonomy":"post_tag","embeddable":true,"href":"https:\/\/radiowebmx.com\/nota\/wp-json\/wp\/v2\/tags?post=68207"}],"curies":[{"name":"wp","href":"https:\/\/api.w.org\/{rel}","templated":true}]}}