{"id":6817,"date":"2014-05-05T15:48:30","date_gmt":"2014-05-05T20:48:30","guid":{"rendered":"https:\/\/radiowebmx.com\/nota\/?p=6817"},"modified":"2014-05-05T15:48:30","modified_gmt":"2014-05-05T20:48:30","slug":"la-federacion-se-encarga-de-asuntos-de-su-competencia-delincuencia-organizada-armas-de-fuego-y-mineria-fvf","status":"publish","type":"post","link":"https:\/\/radiowebmx.com\/nota\/la-federacion-se-encarga-de-asuntos-de-su-competencia-delincuencia-organizada-armas-de-fuego-y-mineria-fvf\/","title":{"rendered":"LA FEDERACI\u00d3N SE ENCARGA DE ASUNTOS DE SU COMPETENCIA, DELINCUENCIA ORGANIZADA, ARMAS DE FUEGO Y MINER\u00cdA: FVF"},"content":{"rendered":"<p>Esta ma\u00f1ana, en entrevista radiof\u00f3nica, el Gobernador Fausto Vallejo Figueroa hizo una evaluaci\u00f3n de estos dos a\u00f1os y medio de administraci\u00f3n. Se\u00f1al\u00f3 que \u00e9ste ha sido uno de los periodos\u00a0 gubernamentales m\u00e1s complejos de la historia de la entidad, tanto por el tema de seguridad, como por el financiero &#8220;y por las complicaciones pol\u00edticas de actores que por ning\u00fan motivo quieren aceptar que fueron derrotados&#8221;.<\/p>\n<p>Afirm\u00f3 que se va avanzando y que su aspiraci\u00f3n es dejarle m\u00e1s tranquilidad al Estado como gracias al apoyo federal se est\u00e1 logrando. Manifest\u00f3 que trabaja por dejar un Michoac\u00e1n diferente en sentido positivo, con m\u00e1s seguridad, una nueva cultura de la legalidad, pues &#8220;ya estuvo bueno de los chantajes, de la impunidad, nepotismo y opacidad&#8221;, por lo que se dijo confiado en que la ciudadan\u00eda compare c\u00f3mo recibi\u00f3 la administraci\u00f3n y lo que ahora se est\u00e1 haciendo.<\/p>\n<p>Record\u00f3 que despu\u00e9s de 10 a\u00f1os de sequ\u00eda financiera y de omisiones, abandono y el desencuentro pol\u00edtico de quienes debieron haber asumido una responsabilidad mayor, pero como estadistas no lo hicieron, e ignoraron temas de competencia federal como los de armas, minerales o delincuencia organizada; finalmente hoy la Federaci\u00f3n y el Estado de la mano, est\u00e1n atendiendo los problemas, por lo que lejos de perderse soberan\u00eda finalmente se est\u00e1 retomando pues &#8220;\u00bfCu\u00e1l soberan\u00eda se ten\u00eda antes cuando nos dejaron un estado quebrado y territorios en manos de la delincuencia?&#8221;, por lo que asever\u00f3 que precisamente la solicitud al Gobierno de la Rep\u00fablica fue el apoyo para restablecer la soberan\u00eda.<\/p>\n<p>En este sentido, manifest\u00f3 que la relaci\u00f3n con el comisionado para la Seguridad y el Desarrollo Integral de Michoac\u00e1n, Alfredo Castillo Cervantes, es de un trato correcto en la que cada d\u00eda se afina m\u00e1s la corresponsabilidad, la coordinaci\u00f3n y la comunicaci\u00f3n.<\/p>\n<p>Respecto a las detenciones de funcionarios p\u00fablicos destac\u00f3 que en un r\u00e9gimen de extracci\u00f3n priista como el del presidente Enrique Pe\u00f1a Nieto, se est\u00e1 comenzando por la casa, con cero impunidad, para que en Michoac\u00e1n nazca un nuevo Estado de Derecho.<\/p>\n<p>Al ser cuestionado sobre su relaci\u00f3n con Jes\u00fas Reyna Garc\u00eda, reiter\u00f3 que como funcionario fue eficaz, pero que las conductas eminentemente personales deben deslindarse en las instancias competentes y record\u00f3 que ni fue su coordinador de campa\u00f1a ni los videos que se han difundido corresponden al periodo de su campa\u00f1a.<\/p>\n<p>Finalmente sobre el tema del Sindicato de Trabajadores al Servicio del Poder Ejecutivo (STASPE), el gobernador michoacano precis\u00f3 que\u00a0no se puede otorgar lo que no se tiene y refiri\u00f3 que mantiene su ofrecimiento del 3.5 por ciento de aumento al salario directo y 1.2 por ciento a prestaciones para los bur\u00f3cratas del Estado y apel\u00f3 a la comprensi\u00f3n de \u00e9stos ante la situaci\u00f3n econ\u00f3mica que atraviesa la entidad.<\/p>\n<p>Al ser cuestionado sobre la agresiones de que fue v\u00edctima el pasado 1 de mayo, Vallejo Figueroa manifest\u00f3 que ya algunos empleados gubernamentales le han hecho saber su indignaci\u00f3n ante tales acontecimientos, pero enfatiz\u00f3, como representante del Poder Ejecutivo no puede permitir tales ofensas, por lo que present\u00f3 la denuncia correspondiente.<\/p>\n<p>\u201cYo no puedo hablar de una organizaci\u00f3n y generalizar por ning\u00fan motivo, hay cantidad trabajadores que me han mandado mensajes y me han llamado, en donde se averg\u00fcenzan de un grupo de gentes perfectamente identificadas que actuaron de una forma inadecuada y ante ese hecho yo voy a\u00a0 actuar porque soy gobernador, soy representante de una entidad y no se pueden quedar esas cosas as\u00ed\u201d, dijo.<\/p>\n<p>Fausto Vallejo anunci\u00f3 que como decisi\u00f3n propia y por solidaridad con el gremio, a m\u00e1s tardar el viernes 9 de mayo, los sindicalizados recibir\u00e1n la totalidad de su quincena y reiter\u00f3 su llamado a los trabajadores a que entiendan que el ofrecimiento del Gobierno del Estado respecto al aumento salarial \u201cno es posici\u00f3n perversa, desear\u00eda ofrecer algo m\u00e1s pero no tenemos verdaderamente recursos para satisfacer sus necesidades\u201d.<\/p>\n","protected":false},"excerpt":{"rendered":"<p>Esta ma\u00f1ana, en entrevista radiof\u00f3nica, el Gobernador Fausto Vallejo Figueroa hizo una evaluaci\u00f3n de estos dos a\u00f1os y medio de administraci\u00f3n. Se\u00f1al\u00f3 que \u00e9ste ha sido uno de los periodos  gubernamentales m\u00e1s complejos de la historia de la entidad, <\/p>\n","protected":false},"author":1,"featured_media":0,"comment_status":"open","ping_status":"open","sticky":false,"template":"","format":"standard","meta":{"footnotes":""},"categories":[3],"tags":[],"class_list":["post-6817","post","type-post","status-publish","format-standard","hentry","category-gobierno-del-estado-de-michoacan"],"_links":{"self":[{"href":"https:\/\/radiowebmx.com\/nota\/wp-json\/wp\/v2\/posts\/6817","targetHints":{"allow":["GET"]}}],"collection":[{"href":"https:\/\/radiowebmx.com\/nota\/wp-json\/wp\/v2\/posts"}],"about":[{"href":"https:\/\/radiowebmx.com\/nota\/wp-json\/wp\/v2\/types\/post"}],"author":[{"embeddable":true,"href":"https:\/\/radiowebmx.com\/nota\/wp-json\/wp\/v2\/users\/1"}],"replies":[{"embeddable":true,"href":"https:\/\/radiowebmx.com\/nota\/wp-json\/wp\/v2\/comments?post=6817"}],"version-history":[{"count":1,"href":"https:\/\/radiowebmx.com\/nota\/wp-json\/wp\/v2\/posts\/6817\/revisions"}],"predecessor-version":[{"id":6818,"href":"https:\/\/radiowebmx.com\/nota\/wp-json\/wp\/v2\/posts\/6817\/revisions\/6818"}],"wp:attachment":[{"href":"https:\/\/radiowebmx.com\/nota\/wp-json\/wp\/v2\/media?parent=6817"}],"wp:term":[{"taxonomy":"category","embeddable":true,"href":"https:\/\/radiowebmx.com\/nota\/wp-json\/wp\/v2\/categories?post=6817"},{"taxonomy":"post_tag","embeddable":true,"href":"https:\/\/radiowebmx.com\/nota\/wp-json\/wp\/v2\/tags?post=6817"}],"curies":[{"name":"wp","href":"https:\/\/api.w.org\/{rel}","templated":true}]}}