{"id":6814,"date":"2014-05-05T15:45:37","date_gmt":"2014-05-05T20:45:37","guid":{"rendered":"https:\/\/radiowebmx.com\/nota\/?p=6814"},"modified":"2014-05-05T15:45:37","modified_gmt":"2014-05-05T20:45:37","slug":"patricia-mora-de-vallejo-supervisa-obras-en-el-hospital-infantil-por-mas-de-16-mdp","status":"publish","type":"post","link":"https:\/\/radiowebmx.com\/nota\/patricia-mora-de-vallejo-supervisa-obras-en-el-hospital-infantil-por-mas-de-16-mdp\/","title":{"rendered":"PATRICIA MORA DE VALLEJO SUPERVISA OBRAS EN EL HOSPITAL INFANTIL POR M\u00c1S DE 16 MDP"},"content":{"rendered":"<p>La presidenta del Sistema para el Desarrollo Integral de la Familia (DIF) Michoac\u00e1n, Patricia Mora de Vallejo,<b> <\/b>en compa\u00f1\u00eda del secretario de Salud en la entidad, Rafael D\u00edaz Rodr\u00edguez, supervis\u00f3 las obras de remodelaci\u00f3n en tres servicios m\u00e9dicos del Hospital Infantil \u201cEva S\u00e1mano de L\u00f3pez Mateos\u201d, las cuales tendr\u00e1n una inversi\u00f3n de m\u00e1s de 16 millones de pesos.<\/p>\n<p>En el servicio de quir\u00f3fanos se remodelar\u00e1n las instalaciones el\u00e9ctricas, sanitarias, acabados en pisos, muros, plafones, iluminaci\u00f3n, canceler\u00edas y aire acondicionado con lo que se dignificar\u00e1 el \u00e1rea de acuerdo a la Normas Oficiales Mexicanas vigentes en materia de infraestructura en salud, con lo que se brindar\u00e1 atenci\u00f3n oportuna a ni\u00f1as y ni\u00f1os michoacanos.<\/p>\n<p>Para esta obra que consta de tres salas de cirug\u00eda, se destinar\u00e1n m\u00e1s de 9 millones de pesos y se ejercer\u00e1n otros 5 millones para el equipamiento, el cual ser\u00e1 entregado en el mes de junio de este mismo a\u00f1o.<\/p>\n<p>Asimismo, Patricia Mora de Vallejo y Rafael D\u00edaz Rodr\u00edguez, acompa\u00f1ados tambi\u00e9n por la directora general del Sistema DIF Michoac\u00e1n, Nelly Sastr\u00e9 Gasca, visitaron el \u00e1rea de Terapia Intensiva Neonatal donde se construyen 12 cub\u00edculos con espacios f\u00edsicos dentro de la norma de salud, con la adecuada temperatura fr\u00edo y calor, seg\u00fan lo requiera el paciente.<\/p>\n<p>Adem\u00e1s de que se realizar\u00e1n los acabados en muros y pisos de esa \u00e1rea para lo cual se ejercer\u00e1 un recurso de 1.7 millones de pesos.<\/p>\n<p>Finalmente, para brindar una atenci\u00f3n adecuada en el servicio dental infantil, la presidenta del DIF Michoac\u00e1n constat\u00f3 la instalaci\u00f3n de 5 sillones nuevos, adem\u00e1s de que se rehabilitar\u00e1 el espacio con pintura e iluminaci\u00f3n, as\u00ed como instalaciones ocultas para lo cual se invertir\u00e1n 450 mil pesos.<\/p>\n<p>Cabe se\u00f1alar que estas acciones beneficiar\u00e1n de manera directa a 650 mil ni\u00f1as y ni\u00f1os michoacanos, lo que da muestra del inter\u00e9s y compromiso del gobernador del Estado, Fausto Vallejo Figueroa, de que la salud de los michoacanos es una prioridad del Gobierno Federal.<\/p>\n","protected":false},"excerpt":{"rendered":"<p>La presidenta del Sistema para el Desarrollo Integral de la Familia (DIF) Michoac\u00e1n, Patricia Mora de Vallejo, en compa\u00f1\u00eda del secretario de Salud en la entidad, Rafael D\u00edaz Rodr\u00edguez, <\/p>\n","protected":false},"author":1,"featured_media":0,"comment_status":"open","ping_status":"open","sticky":false,"template":"","format":"standard","meta":{"footnotes":""},"categories":[3],"tags":[],"class_list":["post-6814","post","type-post","status-publish","format-standard","hentry","category-gobierno-del-estado-de-michoacan"],"_links":{"self":[{"href":"https:\/\/radiowebmx.com\/nota\/wp-json\/wp\/v2\/posts\/6814","targetHints":{"allow":["GET"]}}],"collection":[{"href":"https:\/\/radiowebmx.com\/nota\/wp-json\/wp\/v2\/posts"}],"about":[{"href":"https:\/\/radiowebmx.com\/nota\/wp-json\/wp\/v2\/types\/post"}],"author":[{"embeddable":true,"href":"https:\/\/radiowebmx.com\/nota\/wp-json\/wp\/v2\/users\/1"}],"replies":[{"embeddable":true,"href":"https:\/\/radiowebmx.com\/nota\/wp-json\/wp\/v2\/comments?post=6814"}],"version-history":[{"count":2,"href":"https:\/\/radiowebmx.com\/nota\/wp-json\/wp\/v2\/posts\/6814\/revisions"}],"predecessor-version":[{"id":6816,"href":"https:\/\/radiowebmx.com\/nota\/wp-json\/wp\/v2\/posts\/6814\/revisions\/6816"}],"wp:attachment":[{"href":"https:\/\/radiowebmx.com\/nota\/wp-json\/wp\/v2\/media?parent=6814"}],"wp:term":[{"taxonomy":"category","embeddable":true,"href":"https:\/\/radiowebmx.com\/nota\/wp-json\/wp\/v2\/categories?post=6814"},{"taxonomy":"post_tag","embeddable":true,"href":"https:\/\/radiowebmx.com\/nota\/wp-json\/wp\/v2\/tags?post=6814"}],"curies":[{"name":"wp","href":"https:\/\/api.w.org\/{rel}","templated":true}]}}