{"id":6808,"date":"2014-05-05T15:37:24","date_gmt":"2014-05-05T20:37:24","guid":{"rendered":"https:\/\/radiowebmx.com\/nota\/?p=6808"},"modified":"2014-05-05T15:37:24","modified_gmt":"2014-05-05T20:37:24","slug":"concluye-campana-jugando-por-los-ninos-de-michoacan","status":"publish","type":"post","link":"https:\/\/radiowebmx.com\/nota\/concluye-campana-jugando-por-los-ninos-de-michoacan\/","title":{"rendered":"CONCLUYE CAMPA\u00d1A \u201cJUGANDO POR LOS NI\u00d1OS DE MICHOAC\u00c1N\u201d"},"content":{"rendered":"<p>Luego de superar la meta prevista de recolectar 8 mil juguetes, al obtener m\u00e1s de 9 mil, a trav\u00e9s de la campa\u00f1a \u201cJugando por los Ni\u00f1os de Michoac\u00e1n\u201d, menores de zonas ind\u00edgenas disfrutaron a lo grande de una fiesta en su honor, en la que recibieron diversos obsequios producto de la solidaridad de cientos de michoacanos.<\/p>\n<p>Durante el cierre de esta jornada que se realiz\u00f3 en la isla de Janitzio, la alcaldesa de P\u00e1tzcuaro, Salma Karrum Cervantes, y el secretario de Pol\u00edtica Social estatal, Rodrigo Maldonado L\u00f3pez, hicieron entrega de m\u00e1s de 900 juguetes a ni\u00f1as y ni\u00f1os asistentes quienes disfrutaron de una funci\u00f3n de \u201cCine M\u00f3vil en tu Comunidad\u201d.<\/p>\n<p>Maldonado L\u00f3pez inform\u00f3 que por instrucciones precisas del gobernador, Fausto Vallejo Figueroa, se seleccionaron las comunidades ind\u00edgenas como punto de entrega de los juguetes recolectados, ya que en estos lugares existe una gran poblaci\u00f3n infantil que vive en situaci\u00f3n de pobreza.<\/p>\n<p>De igual manera, el funcionario estatal extern\u00f3 un agradecimiento y reconocimiento al \u201cequipo de la fuerza\u201d por el compromiso social que demostr\u00f3 al haberse sumado a esta colecta que encabez\u00f3 por parte del gobierno estatal la presidenta del DIF Michoac\u00e1n, Patricia Mora de Vallejo.<\/p>\n<p>Por su parte, Salma Karrum felicit\u00f3 a los ni\u00f1os con motivo del pasado 30 de abril, adem\u00e1s de que invit\u00f3 a los padres a procurar permanentemente el bienestar de sus hijos. \u201cEste d\u00eda es especial para la ni\u00f1ez. Cu\u00eddenlos siempre, qui\u00e9ranlos, apap\u00e1chenlos porque ellos son la alegr\u00eda y la bendici\u00f3n de los hogares de todos ustedes\u201d.<\/p>\n<p>Terminada la entrega de juguetes, se proyect\u00f3 la pel\u00edcula animada \u201cLa Llorona\u201d, durante la cual, los asistentes degustaron palomitas de ma\u00edz, aguas frescas y golosinas.<\/p>\n","protected":false},"excerpt":{"rendered":"<p>Luego de superar la meta prevista de recolectar 8 mil juguetes, al obtener m\u00e1s de 9 mil, a trav\u00e9s de la campa\u00f1a \u201cJugando por los Ni\u00f1os de Michoac\u00e1n\u201d<\/p>\n","protected":false},"author":1,"featured_media":0,"comment_status":"open","ping_status":"open","sticky":false,"template":"","format":"standard","meta":{"footnotes":""},"categories":[3],"tags":[],"class_list":["post-6808","post","type-post","status-publish","format-standard","hentry","category-gobierno-del-estado-de-michoacan"],"_links":{"self":[{"href":"https:\/\/radiowebmx.com\/nota\/wp-json\/wp\/v2\/posts\/6808","targetHints":{"allow":["GET"]}}],"collection":[{"href":"https:\/\/radiowebmx.com\/nota\/wp-json\/wp\/v2\/posts"}],"about":[{"href":"https:\/\/radiowebmx.com\/nota\/wp-json\/wp\/v2\/types\/post"}],"author":[{"embeddable":true,"href":"https:\/\/radiowebmx.com\/nota\/wp-json\/wp\/v2\/users\/1"}],"replies":[{"embeddable":true,"href":"https:\/\/radiowebmx.com\/nota\/wp-json\/wp\/v2\/comments?post=6808"}],"version-history":[{"count":1,"href":"https:\/\/radiowebmx.com\/nota\/wp-json\/wp\/v2\/posts\/6808\/revisions"}],"predecessor-version":[{"id":6809,"href":"https:\/\/radiowebmx.com\/nota\/wp-json\/wp\/v2\/posts\/6808\/revisions\/6809"}],"wp:attachment":[{"href":"https:\/\/radiowebmx.com\/nota\/wp-json\/wp\/v2\/media?parent=6808"}],"wp:term":[{"taxonomy":"category","embeddable":true,"href":"https:\/\/radiowebmx.com\/nota\/wp-json\/wp\/v2\/categories?post=6808"},{"taxonomy":"post_tag","embeddable":true,"href":"https:\/\/radiowebmx.com\/nota\/wp-json\/wp\/v2\/tags?post=6808"}],"curies":[{"name":"wp","href":"https:\/\/api.w.org\/{rel}","templated":true}]}}