{"id":6805,"date":"2014-05-05T15:29:10","date_gmt":"2014-05-05T20:29:10","guid":{"rendered":"https:\/\/radiowebmx.com\/nota\/?p=6805"},"modified":"2014-05-05T15:29:10","modified_gmt":"2014-05-05T20:29:10","slug":"se-compromete-sne-a-generar-mas-casos-de-exito-de-michoacanos-emprendedores","status":"publish","type":"post","link":"https:\/\/radiowebmx.com\/nota\/se-compromete-sne-a-generar-mas-casos-de-exito-de-michoacanos-emprendedores\/","title":{"rendered":"SE COMPROMETE SNE A GENERAR M\u00c1S CASOS DE \u00c9XITO DE MICHOACANOS EMPRENDEDORES"},"content":{"rendered":"<p>Generar m\u00e1s casos de michoacanos que logran el \u00e9xito a trav\u00e9s de los distintos subprogramas que ofrece el Servicio Nacional de Empleo (SNE), es un de las prioridades para dicha dependencia federal, as\u00ed lo manifest\u00f3 el coordinador general del SNE, H\u00e9ctor Oswaldo Mu\u00f1oz Osc\u00f3s.<\/p>\n<p>En gira de trabajo por la capital michoacana, el funcionario federal visit\u00f3 algunos proyectos que forman parte del subprograma Fomento al Autoempleo (FA), donde platic\u00f3 con los beneficiarios acerca del funcionamiento de sus negocios con los apoyos entregados por la dependencia que encabeza.<\/p>\n<p>En cada una de sus visitas, el coordinador reiter\u00f3 el compromiso del presidente de M\u00e9xico, Enrique Pe\u00f1a Nieto, porque los apoyos que otorga el SNE lleguen a cada uno de los municipios del estado con la finalidad de mejorar la econom\u00eda familiar y la de la entidad.<\/p>\n<p>Asimismo, invit\u00f3 a los beneficiarios a seguirse comprometiendo con sus negocios para que en un futuro no muy lejano, puedan generar empleos productivos que favorezcan tambi\u00e9n la econom\u00eda de m\u00e1s hogares michoacanos.<\/p>\n<p>\u201cEsto es s\u00f3lo un peque\u00f1o empujoncito para que ustedes emprendan sus negocios, el hacerlo crecer depende del compromiso de ustedes\u201d, recalc\u00f3.<\/p>\n<p>Los propietarios de los proyectos, manifestaron tener \u00e9xito al aumentar su clientela y sus ganancias, \u00a0por lo que se mostraron agradecidos con la dependencia e hicieron una invitaci\u00f3n a los michoacanos a que tambi\u00e9n se acerquen a solicitar estos apoyos.<\/p>\n<p>Adem\u00e1s de visitar la iniciativa de la Cocina de la Beba, el taller de costura Moda Color, la cl\u00ednica Dental Vitaldent, la est\u00e9tica Unisex Pat\u00b4s y la tortiller\u00eda Rosales; el coordinador federal del Servicio Nacional del Empleo, tambi\u00e9n hizo un recorrido por algunos cursos del subprograma B\u00e9cate, como el de Panader\u00eda y Reposter\u00eda, as\u00ed como el de Serigraf\u00eda.<\/p>\n<p>Ah\u00ed Mu\u00f1oz Osc\u00f3s, pidi\u00f3 a los becarios transformar su aprendizaje en un compromiso para emprender sus propios negocios y as\u00ed aumentar su fuente de ingresos.<\/p>\n<p>En esta gira de trabajo acompa\u00f1aron al funcionario federal <em>Donaciano Dom\u00ednguez Espinosa<\/em>, subcoordinador general del Servicio Nacional de Empleo y el director del SNE en la entidad, Rodolfo Camacho Ceballos.<\/p>\n<p>&nbsp;<\/p>\n","protected":false},"excerpt":{"rendered":"<p>Generar m\u00e1s casos de michoacanos que logran el \u00e9xito a trav\u00e9s de los distintos subprogramas que ofrece el Servicio Nacional de Empleo (SNE), es un de las prioridades para dicha dependencia federal, as\u00ed lo manifest\u00f3 el coordinador general del SNE, H\u00e9ctor Oswaldo Mu\u00f1oz Osc\u00f3s.<\/p>\n","protected":false},"author":1,"featured_media":0,"comment_status":"open","ping_status":"open","sticky":false,"template":"","format":"standard","meta":{"footnotes":""},"categories":[3],"tags":[],"class_list":["post-6805","post","type-post","status-publish","format-standard","hentry","category-gobierno-del-estado-de-michoacan"],"_links":{"self":[{"href":"https:\/\/radiowebmx.com\/nota\/wp-json\/wp\/v2\/posts\/6805","targetHints":{"allow":["GET"]}}],"collection":[{"href":"https:\/\/radiowebmx.com\/nota\/wp-json\/wp\/v2\/posts"}],"about":[{"href":"https:\/\/radiowebmx.com\/nota\/wp-json\/wp\/v2\/types\/post"}],"author":[{"embeddable":true,"href":"https:\/\/radiowebmx.com\/nota\/wp-json\/wp\/v2\/users\/1"}],"replies":[{"embeddable":true,"href":"https:\/\/radiowebmx.com\/nota\/wp-json\/wp\/v2\/comments?post=6805"}],"version-history":[{"count":2,"href":"https:\/\/radiowebmx.com\/nota\/wp-json\/wp\/v2\/posts\/6805\/revisions"}],"predecessor-version":[{"id":6807,"href":"https:\/\/radiowebmx.com\/nota\/wp-json\/wp\/v2\/posts\/6805\/revisions\/6807"}],"wp:attachment":[{"href":"https:\/\/radiowebmx.com\/nota\/wp-json\/wp\/v2\/media?parent=6805"}],"wp:term":[{"taxonomy":"category","embeddable":true,"href":"https:\/\/radiowebmx.com\/nota\/wp-json\/wp\/v2\/categories?post=6805"},{"taxonomy":"post_tag","embeddable":true,"href":"https:\/\/radiowebmx.com\/nota\/wp-json\/wp\/v2\/tags?post=6805"}],"curies":[{"name":"wp","href":"https:\/\/api.w.org\/{rel}","templated":true}]}}