{"id":6796,"date":"2014-05-05T14:52:03","date_gmt":"2014-05-05T19:52:03","guid":{"rendered":"https:\/\/radiowebmx.com\/nota\/?p=6796"},"modified":"2014-05-05T14:52:03","modified_gmt":"2014-05-05T19:52:03","slug":"obligacion-del-estado-garantizar-a-ninos-y-ninas-el-derecho-a-la-identidad-laura-gonzalez","status":"publish","type":"post","link":"https:\/\/radiowebmx.com\/nota\/obligacion-del-estado-garantizar-a-ninos-y-ninas-el-derecho-a-la-identidad-laura-gonzalez\/","title":{"rendered":"Obligaci\u00f3n del Estado garantizar a ni\u00f1os y ni\u00f1as el derecho a la identidad: Laura Gonz\u00e1lez"},"content":{"rendered":"<p><a href=\"https:\/\/radiowebmx.com\/nota\/wp-content\/uploads\/2013\/04\/Dip.-local-Laura-Gonz\u00e1lez.jpg\"><img loading=\"lazy\" decoding=\"async\" class=\"alignleft size-full wp-image-2384\" alt=\"Dip. local Laura Gonz\u00e1lez\" src=\"https:\/\/radiowebmx.com\/nota\/wp-content\/uploads\/2013\/04\/Dip.-local-Laura-Gonz\u00e1lez.jpg\" width=\"591\" height=\"317\" \/><\/a>Con el objetivo de que se concreten acciones que mejoren de fondo la vida de los ni\u00f1os y ni\u00f1as, garantizando el derecho a la identidad de los michoacanos, la diputada Laura Gonz\u00e1lez Mart\u00ednez present\u00f3 un\u00a0exhorto al Ejecutivo del Estado, para que a trav\u00e9s del Registro Civil del Estado de Michoac\u00e1n, inscriba, registre y expida el acta de nacimiento de manera gratuita por \u00fanica ocasi\u00f3n cuando la ni\u00f1a o ni\u00f1o sea registrado en un plazo no mayor de doce meses despu\u00e9s de su nacimiento.<\/p>\n<p>La Presidenta de la Comisi\u00f3n de Derechos Humanos del Congreso del Estado, se\u00f1al\u00f3\u00a0con cifras del Instituto Nacional de Estad\u00edstica y Geograf\u00eda\u00a0(INEGI), que actualmente en Michoac\u00e1n residen 1 mill\u00f3n 220 mil 553 ni\u00f1os menores de 13 a\u00f1os de edad,\u00a0 por lo\u00a0que es indispensable otorgar las garant\u00edas necesarias para que los infantes cuenten con los derechos b\u00e1sicos, que les otorgue identidad como ciudadanos, \u201ces importante que se impulsen campa\u00f1as informativas que difundan los derechos como lo es el de la identidad, y la obligaci\u00f3n de los padres el otorg\u00e1rselo, as\u00ed como labor de las autoridades el otorgar las facilidades para que cuenten con ello\u201d, indic\u00f3.<\/p>\n<p>En el mismo contexto, la tambi\u00e9n Vicepresidenta del Poder Legislativo en la entidad, mencion\u00f3 que resulta preciso que se\u00a0impulsen campa\u00f1as de comunicaci\u00f3n social para dar a conocer este derecho entre la poblaci\u00f3n, ya que dijo, actualmente no se otorga dicha gratuidad en el Registro Civil, el cual se precisa en La Ley para la Protecci\u00f3n de Ni\u00f1as, Ni\u00f1os y Adolescentes del Estado de Michoac\u00e1n, especificando que es obligaci\u00f3n de dicha dependencia el inscribir, registrar y expedir el acta de nacimiento por \u00fanica ocasi\u00f3n, cuando la ni\u00f1a o ni\u00f1o sea registrado en un plazo no mayor a doce meses despu\u00e9s de su nacimiento de manera gratuita.<\/p>\n<p>Laura Gonz\u00e1lez, reiter\u00f3 que lo anterior no se trata de una atribuci\u00f3n potestativa de la autoridad administrativa, sino de una obligaci\u00f3n legal que deben cumplir, \u201cla emisi\u00f3n del acta de nacimiento es el primer reconocimiento por parte del Estado, de la existencia de un ser humano, siendo un instrumento legal de identidad para ejercer el disfrute de todos sus derechos\u201d, subray\u00f3 la legisladora panista.<\/p>\n<p>Asimismo, reiter\u00f3 que a m\u00e1s de un a\u00f1o de haberse publicado dicha Ley, el Registro Civil del Estado no ha implementado la medida se\u00f1alada y muy poca gente conoce el que sus hijos tienen derecho, \u201ccuando no existen registros de nacimiento, se afecta a la ni\u00f1ez del sector m\u00e1s vulnerable y marginada, como resultan ser los ind\u00edgenas, migrantes, habitantes de zonas rurales, marginadas, remotas o fronterizas\u201d, por lo que revel\u00f3 con datos del INEGI, que\u00a0el 88.2 por ciento del sector infantil menor de 13 a\u00f1os asiste a la escuela, es decir,\u00a0del 1.2 millones de ni\u00f1os el 3.7 por ciento no cuentan con educaci\u00f3n, siendo este el\u00a0primer instrumento que requiere un ni\u00f1o.<\/p>\n<p>Finalmente, invit\u00f3 a los padres de familia para que se acerquen al registro civil, que puedan expedir un documento que otorga la nacionalidad a los ni\u00f1os, as\u00ed como beneficios en el sector educativo y de salud.<\/p>\n","protected":false},"excerpt":{"rendered":"<p>Con el objetivo de que se concreten acciones que mejoren de fondo la vida de los ni\u00f1os y ni\u00f1as, garantizando el derecho a la identidad de los michoacanos, la diputada Laura Gonz\u00e1lez Mart\u00ednez present\u00f3 un exhorto al Ejecutivo del Estado, <\/p>\n","protected":false},"author":1,"featured_media":0,"comment_status":"open","ping_status":"open","sticky":false,"template":"","format":"standard","meta":{"footnotes":""},"categories":[6,14,8],"tags":[],"class_list":["post-6796","post","type-post","status-publish","format-standard","hentry","category-congreso-del-estado","category-destacadas","category-grupo-parlamentario-del-pan"],"_links":{"self":[{"href":"https:\/\/radiowebmx.com\/nota\/wp-json\/wp\/v2\/posts\/6796","targetHints":{"allow":["GET"]}}],"collection":[{"href":"https:\/\/radiowebmx.com\/nota\/wp-json\/wp\/v2\/posts"}],"about":[{"href":"https:\/\/radiowebmx.com\/nota\/wp-json\/wp\/v2\/types\/post"}],"author":[{"embeddable":true,"href":"https:\/\/radiowebmx.com\/nota\/wp-json\/wp\/v2\/users\/1"}],"replies":[{"embeddable":true,"href":"https:\/\/radiowebmx.com\/nota\/wp-json\/wp\/v2\/comments?post=6796"}],"version-history":[{"count":2,"href":"https:\/\/radiowebmx.com\/nota\/wp-json\/wp\/v2\/posts\/6796\/revisions"}],"predecessor-version":[{"id":6798,"href":"https:\/\/radiowebmx.com\/nota\/wp-json\/wp\/v2\/posts\/6796\/revisions\/6798"}],"wp:attachment":[{"href":"https:\/\/radiowebmx.com\/nota\/wp-json\/wp\/v2\/media?parent=6796"}],"wp:term":[{"taxonomy":"category","embeddable":true,"href":"https:\/\/radiowebmx.com\/nota\/wp-json\/wp\/v2\/categories?post=6796"},{"taxonomy":"post_tag","embeddable":true,"href":"https:\/\/radiowebmx.com\/nota\/wp-json\/wp\/v2\/tags?post=6796"}],"curies":[{"name":"wp","href":"https:\/\/api.w.org\/{rel}","templated":true}]}}