{"id":67933,"date":"2019-09-30T13:47:08","date_gmt":"2019-09-30T18:47:08","guid":{"rendered":"https:\/\/radiowebmx.com\/nota\/?p=67933"},"modified":"2019-09-30T13:47:08","modified_gmt":"2019-09-30T18:47:08","slug":"aplicar-los-ideales-y-valores-de-morelos-nos-llevaran-a-tener-un-mejor-pais-esteban-moctezuma","status":"publish","type":"post","link":"https:\/\/radiowebmx.com\/nota\/aplicar-los-ideales-y-valores-de-morelos-nos-llevaran-a-tener-un-mejor-pais-esteban-moctezuma\/","title":{"rendered":"\u201cAplicar los ideales y valores de Morelos nos llevar\u00e1n a tener un mejor pa\u00eds\u201d: Esteban Moctezuma"},"content":{"rendered":"<p>\u201cLos ideales, valores y acciones del General\u00edsimo, son los pasos a seguir para la conformaci\u00f3n de un M\u00e9xico mejor\u201d, manifest\u00f3, en representaci\u00f3n del presidente de la Rep\u00fablica, Andr\u00e9s Manuel L\u00f3pez Obrador el titular de la Secretar\u00eda de Educaci\u00f3n P\u00fablica, Esteban Moctezuma Barrag\u00e1n, durante el acto conmemorativo por el CCLIV aniversario del natalicio de Jos\u00e9 Mar\u00eda Morelos y Pav\u00f3n, al cual acudi\u00f3 en calidad de orador por invitaci\u00f3n del Gobierno de Morelia.<\/p>\n<p>La Plaza Jard\u00edn Morelos, fue el escenario de reuni\u00f3n para el evento de car\u00e1cter c\u00edvico-conmemorativo, en el cual estuvieron presentes autoridades como el mencionado Moctezuma Barrag\u00e1n, el gobernador de Michoac\u00e1n, Silvano Aureoles Conejo y el anfitri\u00f3n, el presidente municipal de Morelia, Ra\u00fal Mor\u00f3n Orozco.<\/p>\n<p>El evento inici\u00f3 con la bienvenida a cargo de la Junta Patri\u00f3tica \u201cIndependencia de M\u00e9xico y Jos\u00e9 Mar\u00eda Morelos y Pav\u00f3n 2019\u201d, para despu\u00e9s dar paso a los honores al l\u00e1baro patrio, a cargo de elementos de la XXI Zona Militar.<\/p>\n<p>En su participaci\u00f3n como orador, Esteban Moctezuma, recalc\u00f3 que el Gobierno de M\u00e9xico, tiene como prioridad la construcci\u00f3n de un mejor pa\u00eds a trav\u00e9s del pensamiento, por lo que, con la aplicaci\u00f3n de los valores e ideales de Morelos, se da un paso contundente para conseguirlo.<\/p>\n<p>El funcionario, record\u00f3 el papel tan decisivo que tuvo el caudillo al comienzo de la lucha de Independencia, sus firmes creencias que a la postre se convirtieron en cimientos para la naci\u00f3n y celebr\u00f3 que estos se lleven a la pr\u00e1ctica por el Gobierno de Morelia, que preside Ra\u00fal Mor\u00f3n.<\/p>\n<p>Finalmente, los funcionarios se colocaron al pie de la estatua del General\u00edsimo para depositar una ofrenda floral y montar la respectiva guardia de honor.<\/p>\n","protected":false},"excerpt":{"rendered":"<p>\u201cLos ideales, valores y acciones del General\u00edsimo, son los pasos a seguir para la conformaci\u00f3n de un M\u00e9xico mejor\u201d, manifest\u00f3, en representaci\u00f3n del presidente de la Rep\u00fablica, Andr\u00e9s Manuel L\u00f3pez Obrador el titular de la Secretar\u00eda de Educaci\u00f3n P\u00fablica, Esteban Moctezuma Barrag\u00e1n, durante el acto conmemorativo por el CCLIV aniversario del natalicio de Jos\u00e9 Mar\u00eda [&hellip;]<\/p>\n","protected":false},"author":2,"featured_media":67934,"comment_status":"closed","ping_status":"closed","sticky":false,"template":"","format":"standard","meta":{"footnotes":""},"categories":[9],"tags":[],"class_list":["post-67933","post","type-post","status-publish","format-standard","has-post-thumbnail","hentry","category-morelia"],"_links":{"self":[{"href":"https:\/\/radiowebmx.com\/nota\/wp-json\/wp\/v2\/posts\/67933","targetHints":{"allow":["GET"]}}],"collection":[{"href":"https:\/\/radiowebmx.com\/nota\/wp-json\/wp\/v2\/posts"}],"about":[{"href":"https:\/\/radiowebmx.com\/nota\/wp-json\/wp\/v2\/types\/post"}],"author":[{"embeddable":true,"href":"https:\/\/radiowebmx.com\/nota\/wp-json\/wp\/v2\/users\/2"}],"replies":[{"embeddable":true,"href":"https:\/\/radiowebmx.com\/nota\/wp-json\/wp\/v2\/comments?post=67933"}],"version-history":[{"count":1,"href":"https:\/\/radiowebmx.com\/nota\/wp-json\/wp\/v2\/posts\/67933\/revisions"}],"predecessor-version":[{"id":67935,"href":"https:\/\/radiowebmx.com\/nota\/wp-json\/wp\/v2\/posts\/67933\/revisions\/67935"}],"wp:featuredmedia":[{"embeddable":true,"href":"https:\/\/radiowebmx.com\/nota\/wp-json\/wp\/v2\/media\/67934"}],"wp:attachment":[{"href":"https:\/\/radiowebmx.com\/nota\/wp-json\/wp\/v2\/media?parent=67933"}],"wp:term":[{"taxonomy":"category","embeddable":true,"href":"https:\/\/radiowebmx.com\/nota\/wp-json\/wp\/v2\/categories?post=67933"},{"taxonomy":"post_tag","embeddable":true,"href":"https:\/\/radiowebmx.com\/nota\/wp-json\/wp\/v2\/tags?post=67933"}],"curies":[{"name":"wp","href":"https:\/\/api.w.org\/{rel}","templated":true}]}}