{"id":67927,"date":"2019-09-30T13:35:01","date_gmt":"2019-09-30T18:35:01","guid":{"rendered":"https:\/\/radiowebmx.com\/nota\/?p=67927"},"modified":"2019-09-30T13:35:01","modified_gmt":"2019-09-30T18:35:01","slug":"morelia-disfruta-de-la-jornada-cultural-morelos","status":"publish","type":"post","link":"https:\/\/radiowebmx.com\/nota\/morelia-disfruta-de-la-jornada-cultural-morelos\/","title":{"rendered":"Morelia disfruta de la Jornada Cultural Morelos"},"content":{"rendered":"<p>Danza, m\u00fasica, lectura y cuenta cuentos, fueron las actividades que disfruraron este domingo 29 de septiembre las familias morelianas en la \u201cJornada Cultural Morelos\u201d, organizada por la Secretar\u00eda de Cultura de Morelia en el marco del 254 aniversario del natalicio de Jos\u00e9 Mar\u00eda Morelos y Pav\u00f3n.<\/p>\n<p>Desde temprana hora y pese a la lluvia, ni\u00f1os, j\u00f3venes y adultos se dieron cita para disfrutar de \u201cEl Grito de Independencia\u201d, presentaci\u00f3n de t\u00edteres que realiz\u00f3 la cuenta cuentos Andrea Finck, y que logr\u00f3 robar las risas de los presentes.<\/p>\n<p>Posteriormente el historiador Ram\u00f3n S\u00e1nchez Reyna subi\u00f3 al escenario para la charla l\u00fadica \u201cMorelos ni\u00f1o\u201d, en la que explic\u00f3 el andar del h\u00e9roe de la Independencia, su vida, adolescencia, crecimiento y c\u00f3mo se fue forjando para convertirse en un personaje clave en la vida de M\u00e9xico, adem\u00e1s de los mitos y creencias sobre su familia, y lugares donde vivi\u00f3, as\u00ed como su descendencia.<\/p>\n<p>La amplia programaci\u00f3n que realiz\u00f3 SeCultura, dependencia encabezada por Cardiela Am\u00e9zcua Luna, en colaboraci\u00f3n con la sociedad civil, artistas e instituciones educativas continu\u00f3 con Poeta en su tinta, colectivo de lectura de poes\u00eda.<\/p>\n<p>Las actividades culturales en honor a Morelos siguieron con las distintas danzas folkl\u00f3ricas que present\u00f3 el Ballet Folkl\u00f3rico B\u00faho Nicolaita, y las cuales fueron de Michoac\u00e1n y de distintos estados de M\u00e9xico, logrando poner de pie al p\u00fablico y subir al escenario para bailar con los j\u00f3venes que integran al grupo.<\/p>\n<p>Finalmente y despu\u00e9s de un domingo cultural que convirti\u00f3 a Morelia en Un Gran Escenario, lleg\u00f3 el turno del Ensamble de la Universidad Vasco de Quiroga, que a trav\u00e9s de sus cantantes, lograron animar al p\u00fablico y corear temas compuestos por dos grandes artistas michoacanos como lo son Marco Antonio Sol\u00eds y Alberto Aguilera Valadez, mejor conocido como Juan Gabriel, entre los temas que se escucharon previo a la clausura de la jornada se encontraron: \u201cSe va muriendo mi alma\u201d, \u201cC\u00f3mo me haces falta\u201d, \u201cLuna\u201d, \u201cYa no vivo por vivir\u201d, entre algunos otros.<\/p>\n","protected":false},"excerpt":{"rendered":"<p>Danza, m\u00fasica, lectura y cuenta cuentos, fueron las actividades que disfruraron este domingo 29 de septiembre las familias morelianas en la \u201cJornada Cultural Morelos\u201d, organizada por la Secretar\u00eda de Cultura de Morelia en el marco del 254 aniversario del natalicio de Jos\u00e9 Mar\u00eda Morelos y Pav\u00f3n. Desde temprana hora y pese a la lluvia, ni\u00f1os, [&hellip;]<\/p>\n","protected":false},"author":2,"featured_media":67928,"comment_status":"closed","ping_status":"closed","sticky":false,"template":"","format":"standard","meta":{"footnotes":""},"categories":[9],"tags":[],"class_list":["post-67927","post","type-post","status-publish","format-standard","has-post-thumbnail","hentry","category-morelia"],"_links":{"self":[{"href":"https:\/\/radiowebmx.com\/nota\/wp-json\/wp\/v2\/posts\/67927","targetHints":{"allow":["GET"]}}],"collection":[{"href":"https:\/\/radiowebmx.com\/nota\/wp-json\/wp\/v2\/posts"}],"about":[{"href":"https:\/\/radiowebmx.com\/nota\/wp-json\/wp\/v2\/types\/post"}],"author":[{"embeddable":true,"href":"https:\/\/radiowebmx.com\/nota\/wp-json\/wp\/v2\/users\/2"}],"replies":[{"embeddable":true,"href":"https:\/\/radiowebmx.com\/nota\/wp-json\/wp\/v2\/comments?post=67927"}],"version-history":[{"count":1,"href":"https:\/\/radiowebmx.com\/nota\/wp-json\/wp\/v2\/posts\/67927\/revisions"}],"predecessor-version":[{"id":67929,"href":"https:\/\/radiowebmx.com\/nota\/wp-json\/wp\/v2\/posts\/67927\/revisions\/67929"}],"wp:featuredmedia":[{"embeddable":true,"href":"https:\/\/radiowebmx.com\/nota\/wp-json\/wp\/v2\/media\/67928"}],"wp:attachment":[{"href":"https:\/\/radiowebmx.com\/nota\/wp-json\/wp\/v2\/media?parent=67927"}],"wp:term":[{"taxonomy":"category","embeddable":true,"href":"https:\/\/radiowebmx.com\/nota\/wp-json\/wp\/v2\/categories?post=67927"},{"taxonomy":"post_tag","embeddable":true,"href":"https:\/\/radiowebmx.com\/nota\/wp-json\/wp\/v2\/tags?post=67927"}],"curies":[{"name":"wp","href":"https:\/\/api.w.org\/{rel}","templated":true}]}}