{"id":6781,"date":"2014-05-02T11:04:35","date_gmt":"2014-05-02T16:04:35","guid":{"rendered":"https:\/\/radiowebmx.com\/nota\/?p=6781"},"modified":"2014-05-02T11:04:35","modified_gmt":"2014-05-02T16:04:35","slug":"motiva-jesus-ramirez-a-jovenes-michoacanos-a-cumplir-sus-metas","status":"publish","type":"post","link":"https:\/\/radiowebmx.com\/nota\/motiva-jesus-ramirez-a-jovenes-michoacanos-a-cumplir-sus-metas\/","title":{"rendered":"MOTIVA JES\u00daS RAM\u00cdREZ A J\u00d3VENES MICHOACANOS A CUMPLIR SUS METAS"},"content":{"rendered":"<p>Con un llamado a la ni\u00f1ez y juventud michoacanas a<b> <\/b>decidirse a construir el estado y pa\u00eds que todos queremos, al hacer posibles sus metas, Jes\u00fas Ram\u00edrez Ruvalcaba, director t\u00e9cnico Campe\u00f3n del Mundo Sub-17 en Per\u00fa 2005, ofreci\u00f3 una conferencia a j\u00f3venes michoacanos en el marco de la Expo Feria Michoac\u00e1n 2014.<\/p>\n<p>&nbsp;<\/p>\n<p>Durante 90 minutos, el primer director t\u00e9cnico en ganar un campeonato Mundial de la FIFA (aunque sea en categor\u00edas inferiores), comparti\u00f3 parte del m\u00e9todo que le permiti\u00f3 cambiar la mentalidad de decenas de j\u00f3venes quienes pasaron del &#8220;ya merito&#8221; al &#8220;ya se pudo&#8221;, en la conferencia organizada por la Secretar\u00eda de los J\u00f3venes (SEJOVEN) en coordinaci\u00f3n con el Instituto Mexicano de la Juventud (IMJUVE).<\/p>\n<p>&nbsp;<\/p>\n<p>Ram\u00edrez Ruvalcaba aport\u00f3 a los asistentes ideas sencillas pero pr\u00e1cticas para visualizarse como triunfadores. &#8220;Nosotros (la Selecci\u00f3n Sub-17) viajamos a Per\u00fa ya siendo campeones. Ya \u00e9ramos campeones en nuestra mente. Nos faltaba jugar los partidos, pero jugadores y cuerpo t\u00e9cnico ya est\u00e1bamos convencidos de que as\u00ed ser\u00eda&#8221;, afirm\u00f3.<\/p>\n<p>&nbsp;<\/p>\n<p>Critic\u00f3 a quienes no cre\u00edan en ellos, &#8220;quienes apostaban por la derrota del combinado tricolor a\u00fan antes de las giras de preparaci\u00f3n\u201d.<\/p>\n<p>&nbsp;<\/p>\n<p>El entrenador fue comentando los sentimientos, estados de \u00e1nimo y cualidades de su equipo y de cada uno de sus jugadores, &#8220;quienes a pesar de venir de diversos or\u00edgenes, lograron centrarse en ser campeones del mundo&#8221;.<\/p>\n<p>&nbsp;<\/p>\n<p>Platic\u00f3 an\u00e9cdotas de aquellos j\u00f3venes, muchos de ellos referentes del f\u00fatbol mexicano a nivel mundial, como Giovanni Dos Santos, Carlos Vela, H\u00e9ctor Moreno, Patricio Araujo o Efra\u00edn Ju\u00e1rez y c\u00f3mo fueron superando retos, desde lo f\u00edsico hasta lo mental. &#8220;Nuestro duelo m\u00e1s importante, fue cambiar la mentalidad&#8221;, reiter\u00f3.<\/p>\n<p>&nbsp;<\/p>\n<p>A casi 9 a\u00f1os de la proeza, la piel de los asistentes se eriz\u00f3 una vez m\u00e1s al revivir, en video, los goles con los que M\u00e9xico venc\u00eda a su similar de Brasil con un indiscutible 3 a 0 y se levantaba por primera vez en la historia un Campeonato Mundial.<\/p>\n<p>&nbsp;<\/p>\n<p>La conferencia culmin\u00f3 con una sesi\u00f3n de intercambios de opiniones con los asistentes y larga sesi\u00f3n de fotograf\u00edas. El profesor &#8220;Chucho&#8221; Ram\u00edrez tambi\u00e9n acompa\u00f1\u00f3 a las autoridades al acto inaugural de la edici\u00f3n 2014 de la Expo Feria Michoac\u00e1n.<\/p>\n<p>&nbsp;<\/p>\n<p>Jes\u00fas Ram\u00edrez, en coordinaci\u00f3n con SEJOVEN e IMJUVE, tiene programadas dos conferencias m\u00e1s en el interior de estado, con fecha y sede por confirmar.<\/p>\n<p>&nbsp;<\/p>\n<p><b>EXPONE SEJOVEN SUS PROGRAMAS EN LA EXPO FERIA 2014<\/b><\/p>\n<p>&nbsp;<\/p>\n<p>La Secretar\u00eda de los J\u00f3venes atiende a decenas de michoacanos que asisten al Recinto Ferial. Si bien los j\u00f3venes recurren al espacio con la intenci\u00f3n de divertirse, muchos encuentran en el m\u00f3dulo de la dependencia respuesta a alguna de sus inquietudes.<\/p>\n<p>&nbsp;<\/p>\n<p>A trav\u00e9s del personal de la Sejoven los asistentes pueden conocer los programas de financiamiento, o las acciones en materia de salud preventiva que se implementan a trav\u00e9s de esta dependencia. De igual manera se exponen las convocatorias vigentes en las \u00e1reas de Educaci\u00f3n y Participaci\u00f3n Social.<\/p>\n<p>&nbsp;<\/p>\n<p>De manera adicional el m\u00f3dulo de informaci\u00f3n de la SEJOVEN, alberga a diversas Organizaciones Civiles, que a lo largo de los 18 d\u00edas de la Expo Feria 2014 mostrar\u00e1n su trabajo en pro de la juventud michoacana.<\/p>\n<p>&nbsp;<\/p>\n<p>&nbsp;<\/p>\n","protected":false},"excerpt":{"rendered":"<p>Con un llamado a la ni\u00f1ez y juventud michoacanas a decidirse a construir el estado y pa\u00eds que todos queremos, al hacer posibles sus metas, Jes\u00fas Ram\u00edrez Ruvalcaba, director t\u00e9cnico Campe\u00f3n del Mundo Sub-17 en Per\u00fa 2005, <\/p>\n","protected":false},"author":1,"featured_media":0,"comment_status":"open","ping_status":"open","sticky":false,"template":"","format":"standard","meta":{"footnotes":""},"categories":[3],"tags":[],"class_list":["post-6781","post","type-post","status-publish","format-standard","hentry","category-gobierno-del-estado-de-michoacan"],"_links":{"self":[{"href":"https:\/\/radiowebmx.com\/nota\/wp-json\/wp\/v2\/posts\/6781","targetHints":{"allow":["GET"]}}],"collection":[{"href":"https:\/\/radiowebmx.com\/nota\/wp-json\/wp\/v2\/posts"}],"about":[{"href":"https:\/\/radiowebmx.com\/nota\/wp-json\/wp\/v2\/types\/post"}],"author":[{"embeddable":true,"href":"https:\/\/radiowebmx.com\/nota\/wp-json\/wp\/v2\/users\/1"}],"replies":[{"embeddable":true,"href":"https:\/\/radiowebmx.com\/nota\/wp-json\/wp\/v2\/comments?post=6781"}],"version-history":[{"count":1,"href":"https:\/\/radiowebmx.com\/nota\/wp-json\/wp\/v2\/posts\/6781\/revisions"}],"predecessor-version":[{"id":6782,"href":"https:\/\/radiowebmx.com\/nota\/wp-json\/wp\/v2\/posts\/6781\/revisions\/6782"}],"wp:attachment":[{"href":"https:\/\/radiowebmx.com\/nota\/wp-json\/wp\/v2\/media?parent=6781"}],"wp:term":[{"taxonomy":"category","embeddable":true,"href":"https:\/\/radiowebmx.com\/nota\/wp-json\/wp\/v2\/categories?post=6781"},{"taxonomy":"post_tag","embeddable":true,"href":"https:\/\/radiowebmx.com\/nota\/wp-json\/wp\/v2\/tags?post=6781"}],"curies":[{"name":"wp","href":"https:\/\/api.w.org\/{rel}","templated":true}]}}