{"id":67787,"date":"2019-09-26T17:56:23","date_gmt":"2019-09-26T22:56:23","guid":{"rendered":"https:\/\/radiowebmx.com\/nota\/?p=67787"},"modified":"2019-09-26T17:56:23","modified_gmt":"2019-09-26T22:56:23","slug":"secultura-invita-a-la-jornada-cultural-a-morelos","status":"publish","type":"post","link":"https:\/\/radiowebmx.com\/nota\/secultura-invita-a-la-jornada-cultural-a-morelos\/","title":{"rendered":"SeCultura invita a la Jornada Cultural a Morelos"},"content":{"rendered":"<p>Morelia est\u00e1 a punto de recordar a Jos\u00e9 Mar\u00eda Morelos y Pav\u00f3n por el 254 aniversario de su natalicio, por ello, la Secretar\u00eda de Cultura de Morelia ha preparado una serie de actividades gratuitas para todo p\u00fablico en la &#8220;Jornada Cultural Morelos&#8221;.<\/p>\n<p>Cardiela Am\u00e9zcua Luna, secretaria de Cultura Municipal record\u00f3, la &#8220;Jornada Cultural Morelos&#8221; se realizar\u00e1 el domingo 29 de septiembre en el Andador Nigromante a partir de las 13:30 horas.<\/p>\n<p>El Gobierno de Morelia, que dirige el presidente municipal Ra\u00fal Mor\u00f3n Orozco, suma esfuerzos nuevamente con la sociedad civil, con los artistas y con las instituciones educativas para en conjunto, impulsar la cultura y las artes en el Municipio.<\/p>\n<p>A continuaci\u00f3n la programaci\u00f3n de la jornada cultural pensada para toda las familias morelianas como visitantes.<\/p>\n<p>13:30 hrs. &#8220;El Grito de Viva M\u00e9xico&#8221;, por Andrea Finck (cuentacuentos)<\/p>\n<p>14:30 hrs. &#8220;Morelos para ni\u00f1os&#8221;, charla l\u00fadica por Ram\u00f3n S\u00e1nchez Reyna<\/p>\n<p>15:30 hrs. Poeta en su tinta (Colectivo de lectura de poes\u00eda)<\/p>\n<p>16:30 hrs. Sayuri Dayana (m\u00fasica regional mexicana)<\/p>\n<p>17:30 hrs. B\u00faho nicolaita (danza folcl\u00f3rica)<\/p>\n<p>18:30 hrs. Ensamble UVAQ (Pop)<\/p>\n","protected":false},"excerpt":{"rendered":"<p>Morelia est\u00e1 a punto de recordar a Jos\u00e9 Mar\u00eda Morelos y Pav\u00f3n por el 254 aniversario de su natalicio, por ello, la Secretar\u00eda de Cultura de Morelia ha preparado una serie de actividades gratuitas para todo p\u00fablico en la &#8220;Jornada Cultural Morelos&#8221;. Cardiela Am\u00e9zcua Luna, secretaria de Cultura Municipal record\u00f3, la &#8220;Jornada Cultural Morelos&#8221; se [&hellip;]<\/p>\n","protected":false},"author":2,"featured_media":67788,"comment_status":"closed","ping_status":"closed","sticky":false,"template":"","format":"standard","meta":{"footnotes":""},"categories":[9],"tags":[],"class_list":["post-67787","post","type-post","status-publish","format-standard","has-post-thumbnail","hentry","category-morelia"],"_links":{"self":[{"href":"https:\/\/radiowebmx.com\/nota\/wp-json\/wp\/v2\/posts\/67787","targetHints":{"allow":["GET"]}}],"collection":[{"href":"https:\/\/radiowebmx.com\/nota\/wp-json\/wp\/v2\/posts"}],"about":[{"href":"https:\/\/radiowebmx.com\/nota\/wp-json\/wp\/v2\/types\/post"}],"author":[{"embeddable":true,"href":"https:\/\/radiowebmx.com\/nota\/wp-json\/wp\/v2\/users\/2"}],"replies":[{"embeddable":true,"href":"https:\/\/radiowebmx.com\/nota\/wp-json\/wp\/v2\/comments?post=67787"}],"version-history":[{"count":1,"href":"https:\/\/radiowebmx.com\/nota\/wp-json\/wp\/v2\/posts\/67787\/revisions"}],"predecessor-version":[{"id":67789,"href":"https:\/\/radiowebmx.com\/nota\/wp-json\/wp\/v2\/posts\/67787\/revisions\/67789"}],"wp:featuredmedia":[{"embeddable":true,"href":"https:\/\/radiowebmx.com\/nota\/wp-json\/wp\/v2\/media\/67788"}],"wp:attachment":[{"href":"https:\/\/radiowebmx.com\/nota\/wp-json\/wp\/v2\/media?parent=67787"}],"wp:term":[{"taxonomy":"category","embeddable":true,"href":"https:\/\/radiowebmx.com\/nota\/wp-json\/wp\/v2\/categories?post=67787"},{"taxonomy":"post_tag","embeddable":true,"href":"https:\/\/radiowebmx.com\/nota\/wp-json\/wp\/v2\/tags?post=67787"}],"curies":[{"name":"wp","href":"https:\/\/api.w.org\/{rel}","templated":true}]}}