{"id":67650,"date":"2019-09-23T19:11:39","date_gmt":"2019-09-24T00:11:39","guid":{"rendered":"https:\/\/radiowebmx.com\/nota\/?p=67650"},"modified":"2019-09-23T19:11:39","modified_gmt":"2019-09-24T00:11:39","slug":"con-multitudinaria-caminata-y-declaratoria-arranca-sociedad-jornada-morelia-te-quiero-en-paz","status":"publish","type":"post","link":"https:\/\/radiowebmx.com\/nota\/con-multitudinaria-caminata-y-declaratoria-arranca-sociedad-jornada-morelia-te-quiero-en-paz\/","title":{"rendered":"Con multitudinaria caminata y declaratoria, arranca sociedad jornada \u201cMorelia Te Quiero en Paz\u201d"},"content":{"rendered":"<p>Con una caminata multitudinaria, un concierto y una declaratoria, la sociedad dio inicio a \u201cMorelia Te Quiero en Paz\u201d, iniciativa que busca, con distintas actividades, estrechar los lazos de uni\u00f3n entre habitantes, qui\u00e9nes son los grandes protagonistas para hacer un cambio en el municipio, Michoac\u00e1n y M\u00e9xico.<\/p>\n<p>\u201cMorelia Te Quiero en Paz\u201d, es un sue\u00f1o y proyecto de todos, en el que cada hogar, calle y colonia, debe ser considerado para, a trav\u00e9s de acciones y jornadas, alcanzar la reconciliaci\u00f3n, el fomento a la justicia y el bien com\u00fan.<\/p>\n<p>En el marco del D\u00eda Internacional por la Paz, las y los morelianos, de todos los sectores, se reunieron alrededor del Jard\u00edn de Villalong\u00edn, para formar parte de la masiva caminata, que en punto de las 19:00 parti\u00f3 con direcci\u00f3n al primer cuadro de la ciudad, sobre la Avenida Madero, en donde al pie de la Catedral, se desarroll\u00f3 un concierto.<\/p>\n<p>Posteriormente, el arzobispo Carlos Garfias, en compa\u00f1\u00eda del presidente municipal, Ra\u00fal Mor\u00f3n Orozco y representantes de organizaciones, instituciones educativas, c\u00e1maras empresariales y sociedad civil, firmaron un manifiesto, en el cual estipulan el sumarse de forma permanente, a los esfuerzos por alcanzar la paz, promover el respeto as\u00ed como la dignidad de los individuos y el ejercicio de los derechos humanos.<\/p>\n<p>Finalmente, el acto culmin\u00f3 con un encendido especial de la Catedral, el cual se desarroll\u00f3 a la par de la interpretaci\u00f3n del Himno a la Alegr\u00eda, por parte del coro de la Universidad La Salle.<\/p>\n<p>La jornada, ser\u00e1 replicada al menos una ocasi\u00f3n por mes, con distintas actividades y en favor de diversos valores, por ejemplo, en octubre, se promover\u00e1 la honestidad, en noviembre la erradicaci\u00f3n de la violencia contra la mujer y en diciembre la uni\u00f3n de las familias.<\/p>\n","protected":false},"excerpt":{"rendered":"<p>Con una caminata multitudinaria, un concierto y una declaratoria, la sociedad dio inicio a \u201cMorelia Te Quiero en Paz\u201d, iniciativa que busca, con distintas actividades, estrechar los lazos de uni\u00f3n entre habitantes, qui\u00e9nes son los grandes protagonistas para hacer un cambio en el municipio, Michoac\u00e1n y M\u00e9xico. \u201cMorelia Te Quiero en Paz\u201d, es un sue\u00f1o [&hellip;]<\/p>\n","protected":false},"author":2,"featured_media":67651,"comment_status":"closed","ping_status":"closed","sticky":false,"template":"","format":"standard","meta":{"footnotes":""},"categories":[9],"tags":[],"class_list":["post-67650","post","type-post","status-publish","format-standard","has-post-thumbnail","hentry","category-morelia"],"_links":{"self":[{"href":"https:\/\/radiowebmx.com\/nota\/wp-json\/wp\/v2\/posts\/67650","targetHints":{"allow":["GET"]}}],"collection":[{"href":"https:\/\/radiowebmx.com\/nota\/wp-json\/wp\/v2\/posts"}],"about":[{"href":"https:\/\/radiowebmx.com\/nota\/wp-json\/wp\/v2\/types\/post"}],"author":[{"embeddable":true,"href":"https:\/\/radiowebmx.com\/nota\/wp-json\/wp\/v2\/users\/2"}],"replies":[{"embeddable":true,"href":"https:\/\/radiowebmx.com\/nota\/wp-json\/wp\/v2\/comments?post=67650"}],"version-history":[{"count":1,"href":"https:\/\/radiowebmx.com\/nota\/wp-json\/wp\/v2\/posts\/67650\/revisions"}],"predecessor-version":[{"id":67652,"href":"https:\/\/radiowebmx.com\/nota\/wp-json\/wp\/v2\/posts\/67650\/revisions\/67652"}],"wp:featuredmedia":[{"embeddable":true,"href":"https:\/\/radiowebmx.com\/nota\/wp-json\/wp\/v2\/media\/67651"}],"wp:attachment":[{"href":"https:\/\/radiowebmx.com\/nota\/wp-json\/wp\/v2\/media?parent=67650"}],"wp:term":[{"taxonomy":"category","embeddable":true,"href":"https:\/\/radiowebmx.com\/nota\/wp-json\/wp\/v2\/categories?post=67650"},{"taxonomy":"post_tag","embeddable":true,"href":"https:\/\/radiowebmx.com\/nota\/wp-json\/wp\/v2\/tags?post=67650"}],"curies":[{"name":"wp","href":"https:\/\/api.w.org\/{rel}","templated":true}]}}