{"id":67522,"date":"2019-09-19T18:39:45","date_gmt":"2019-09-19T23:39:45","guid":{"rendered":"https:\/\/radiowebmx.com\/nota\/?p=67522"},"modified":"2019-09-19T18:39:45","modified_gmt":"2019-09-19T23:39:45","slug":"se-acerca-el-festival-de-la-guitarra-de-morelia","status":"publish","type":"post","link":"https:\/\/radiowebmx.com\/nota\/se-acerca-el-festival-de-la-guitarra-de-morelia\/","title":{"rendered":"Se acerca el Festival de la Guitarra de Morelia"},"content":{"rendered":"<p>Del 23 al 27 de septiembre, se llevar\u00e1 a cabo el Festival Internacional de Guitarra de Morelia (FIGM), que en su XXIX edici\u00f3n, brindar\u00e1 15 actividades, entre conciertos y clases magistrales.<\/p>\n<p>Bajo el auspicio de la Secretar\u00eda de Cultura de Michoac\u00e1n (Secum), el Ayuntamiento de Morelia, e instituciones patrocinadoras, el festival tendr\u00e1 lugar en el Teatro Ocampo, la Biblioteca P\u00fablica de la UMSNH, el Centro Cultural Universitario y el Conservatorio de las Rosas, como sedes.<\/p>\n<p>Daniel Olmos Vega director del FIGM, indic\u00f3 que entre las actividades se encuentran conciertos con orquesta de c\u00e1mara y sinf\u00f3nica, recitales did\u00e1cticos, conferencias, clases magistrales, conciertos de j\u00f3venes guitarristas michoacanos y extensiones en el interior del estado.<\/p>\n<p>Agreg\u00f3 que esta edici\u00f3n estar\u00e1 dedicada a los int\u00e9rpretes de la guitarra mexicana. Y se contar\u00e1 con la presencia de importantes concertistas de nuestro pa\u00eds como C\u00e9sar Lara, Javier Noyola, Ernesto Hern\u00e1ndez, Robbin Blanco, Om\u00e1n Kaminsky, Juan Jos\u00e9 Barr\u00f3n, Edgar Miguel Garc\u00eda, Arturo Vera y Rodrigo Neftal\u00ed.<\/p>\n<p>En el programa del FIGM, tambi\u00e9n se destaca la participaci\u00f3n de la Camerata del Festival, dirigida por Jes\u00fas Almanza; la Orquesta de C\u00e1mara de la UMSNH, dirigida por Mario Rodr\u00edguez Taboada; la Orquesta de C\u00e1mara del Conservatorio de las Rosas, dirigida por Jos\u00e9 Luis G\u00e1lvez; y la Orquesta Sinf\u00f3nica de Michoac\u00e1n, dirigida por Rom\u00e1n Revueltas.<\/p>\n<p>Al ser un importante foro, el FIGM da cabida a j\u00f3venes guitarristas del Conservatorio de las Rosas, del Centro de las Artes de Uruapan y de la Facultad de M\u00fasica de Bellas Artes.<\/p>\n<p>\u201cHay que apostarle desde las nuevas generaciones, desde la ni\u00f1ez, para construir ciudadan\u00eda y cambiar la narrativa a trav\u00e9s de la cultura y la educaci\u00f3n\u201d, precis\u00f3 el secretario de Cultura del Estado, Claudio M\u00e9ndez Fern\u00e1ndez.<\/p>\n<p>Los interesados en conocer la programaci\u00f3n completa del FIGM pueden consultar la p\u00e1gina https:\/\/es-la.facebook.com\/FestivalInternacionalDeGuitarraDeMorelia\/<\/p>\n","protected":false},"excerpt":{"rendered":"<p>Del 23 al 27 de septiembre, se llevar\u00e1 a cabo el Festival Internacional de Guitarra de Morelia (FIGM), que en su XXIX edici\u00f3n, brindar\u00e1 15 actividades, entre conciertos y clases magistrales. Bajo el auspicio de la Secretar\u00eda de Cultura de Michoac\u00e1n (Secum), el Ayuntamiento de Morelia, e instituciones patrocinadoras, el festival tendr\u00e1 lugar en el [&hellip;]<\/p>\n","protected":false},"author":2,"featured_media":67523,"comment_status":"closed","ping_status":"closed","sticky":false,"template":"","format":"standard","meta":{"footnotes":""},"categories":[9],"tags":[],"class_list":["post-67522","post","type-post","status-publish","format-standard","has-post-thumbnail","hentry","category-morelia"],"_links":{"self":[{"href":"https:\/\/radiowebmx.com\/nota\/wp-json\/wp\/v2\/posts\/67522","targetHints":{"allow":["GET"]}}],"collection":[{"href":"https:\/\/radiowebmx.com\/nota\/wp-json\/wp\/v2\/posts"}],"about":[{"href":"https:\/\/radiowebmx.com\/nota\/wp-json\/wp\/v2\/types\/post"}],"author":[{"embeddable":true,"href":"https:\/\/radiowebmx.com\/nota\/wp-json\/wp\/v2\/users\/2"}],"replies":[{"embeddable":true,"href":"https:\/\/radiowebmx.com\/nota\/wp-json\/wp\/v2\/comments?post=67522"}],"version-history":[{"count":1,"href":"https:\/\/radiowebmx.com\/nota\/wp-json\/wp\/v2\/posts\/67522\/revisions"}],"predecessor-version":[{"id":67524,"href":"https:\/\/radiowebmx.com\/nota\/wp-json\/wp\/v2\/posts\/67522\/revisions\/67524"}],"wp:featuredmedia":[{"embeddable":true,"href":"https:\/\/radiowebmx.com\/nota\/wp-json\/wp\/v2\/media\/67523"}],"wp:attachment":[{"href":"https:\/\/radiowebmx.com\/nota\/wp-json\/wp\/v2\/media?parent=67522"}],"wp:term":[{"taxonomy":"category","embeddable":true,"href":"https:\/\/radiowebmx.com\/nota\/wp-json\/wp\/v2\/categories?post=67522"},{"taxonomy":"post_tag","embeddable":true,"href":"https:\/\/radiowebmx.com\/nota\/wp-json\/wp\/v2\/tags?post=67522"}],"curies":[{"name":"wp","href":"https:\/\/api.w.org\/{rel}","templated":true}]}}