{"id":67464,"date":"2019-09-18T13:51:10","date_gmt":"2019-09-18T18:51:10","guid":{"rendered":"https:\/\/radiowebmx.com\/nota\/?p=67464"},"modified":"2019-09-18T13:51:10","modified_gmt":"2019-09-18T18:51:10","slug":"presentan-sociedad-civil-ayuntamiento-universidades-y-grupos-religiosos-programa-morelia-te-quiero-en-paz","status":"publish","type":"post","link":"https:\/\/radiowebmx.com\/nota\/presentan-sociedad-civil-ayuntamiento-universidades-y-grupos-religiosos-programa-morelia-te-quiero-en-paz\/","title":{"rendered":"Presentan sociedad civil, Ayuntamiento, universidades y grupos religiosos, programa \u201cMorelia Te Quiero En Paz\u201d"},"content":{"rendered":"<p>En lo que es un proyecto a largo plazo que tiene como actor central a la sociedad civil, el Ayuntamiento en conjunto con universidades, la Arquidi\u00f3cesis y grupos empresariales, present\u00f3 el programa \u201cMorelia Te Quiero En Paz\u201d, el cual iniciar\u00e1 el pr\u00f3ximo s\u00e1bado 21 de septiembre con una manifestaci\u00f3n sobre avenida Madero, en punto de las 18:30 horas.<\/p>\n<p>El presidente municipal de Morelia, Ra\u00fal Mor\u00f3n Orozco, agradeci\u00f3 la voluntad de distintos grupos por unirse a este movimiento, que fue aprobado la semana anterior por el Cabildo y que busca, con la sociedad como su actor principal, el impulso de la armon\u00eda en la comunidad.<\/p>\n<p>En compa\u00f1\u00eda del rector de la Universidad Vasco de Quiroga, Jos\u00e9 Antonio Herrera Jim\u00e9nez; Mariana Sosa Olmeda, rectora de la Universidad Latina de Am\u00e9rica; adem\u00e1s de Julio C\u00e9sar Fajardo, miembro de la Arquidi\u00f3cesis de Morelia, por mencionar algunas personas, fue presentado el programa.<\/p>\n<p>Dicha iniciativa, iniciar\u00e1 el s\u00e1bado 21 de septiembre, en el marco del D\u00eda Internacional de la Paz, con una manifestaci\u00f3n pac\u00edfica, de convocatoria abierta, a las 18:30 horas, que se realizar\u00e1 sobre la Avenida Madero, con punto de inicio en la Fuente de las Tarascas y concluir\u00e1 frente a Catedral, en donde se ofrecer\u00e1 un concierto y la posterior iluminaci\u00f3n del recinto.<\/p>\n<p>Cada mes, se efectuar\u00e1 alguna actividad que refuerce esta intenci\u00f3n de paz en la sociedad, adem\u00e1s estar\u00e1 enfocada a un valor en particular para cada ocasi\u00f3n, como la honestidad y el respeto, con lo que se espera generar un cambio social en Morelia.<\/p>\n","protected":false},"excerpt":{"rendered":"<p>En lo que es un proyecto a largo plazo que tiene como actor central a la sociedad civil, el Ayuntamiento en conjunto con universidades, la Arquidi\u00f3cesis y grupos empresariales, present\u00f3 el programa \u201cMorelia Te Quiero En Paz\u201d, el cual iniciar\u00e1 el pr\u00f3ximo s\u00e1bado 21 de septiembre con una manifestaci\u00f3n sobre avenida Madero, en punto de [&hellip;]<\/p>\n","protected":false},"author":2,"featured_media":67465,"comment_status":"closed","ping_status":"closed","sticky":false,"template":"","format":"standard","meta":{"footnotes":""},"categories":[9],"tags":[],"class_list":["post-67464","post","type-post","status-publish","format-standard","has-post-thumbnail","hentry","category-morelia"],"_links":{"self":[{"href":"https:\/\/radiowebmx.com\/nota\/wp-json\/wp\/v2\/posts\/67464","targetHints":{"allow":["GET"]}}],"collection":[{"href":"https:\/\/radiowebmx.com\/nota\/wp-json\/wp\/v2\/posts"}],"about":[{"href":"https:\/\/radiowebmx.com\/nota\/wp-json\/wp\/v2\/types\/post"}],"author":[{"embeddable":true,"href":"https:\/\/radiowebmx.com\/nota\/wp-json\/wp\/v2\/users\/2"}],"replies":[{"embeddable":true,"href":"https:\/\/radiowebmx.com\/nota\/wp-json\/wp\/v2\/comments?post=67464"}],"version-history":[{"count":1,"href":"https:\/\/radiowebmx.com\/nota\/wp-json\/wp\/v2\/posts\/67464\/revisions"}],"predecessor-version":[{"id":67466,"href":"https:\/\/radiowebmx.com\/nota\/wp-json\/wp\/v2\/posts\/67464\/revisions\/67466"}],"wp:featuredmedia":[{"embeddable":true,"href":"https:\/\/radiowebmx.com\/nota\/wp-json\/wp\/v2\/media\/67465"}],"wp:attachment":[{"href":"https:\/\/radiowebmx.com\/nota\/wp-json\/wp\/v2\/media?parent=67464"}],"wp:term":[{"taxonomy":"category","embeddable":true,"href":"https:\/\/radiowebmx.com\/nota\/wp-json\/wp\/v2\/categories?post=67464"},{"taxonomy":"post_tag","embeddable":true,"href":"https:\/\/radiowebmx.com\/nota\/wp-json\/wp\/v2\/tags?post=67464"}],"curies":[{"name":"wp","href":"https:\/\/api.w.org\/{rel}","templated":true}]}}