{"id":67349,"date":"2019-09-13T12:01:08","date_gmt":"2019-09-13T17:01:08","guid":{"rendered":"https:\/\/radiowebmx.com\/nota\/?p=67349"},"modified":"2019-09-13T12:01:08","modified_gmt":"2019-09-13T17:01:08","slug":"danza-musica-y-juegos-didacticos-este-15-de-septiembre-en-plaza-de-armas","status":"publish","type":"post","link":"https:\/\/radiowebmx.com\/nota\/danza-musica-y-juegos-didacticos-este-15-de-septiembre-en-plaza-de-armas\/","title":{"rendered":"Danza, m\u00fasica y juegos did\u00e1cticos, este 15 de septiembre en Plaza de Armas"},"content":{"rendered":"<p>Las tradiciones mexicanas se mantienen vivas entre la ciudadan\u00eda, y para celebrar el 15 de septiembre, el Gobierno de Morelia a trav\u00e9s de la Secretar\u00eda de Cultura Municipal, ha preparado una serie de actividades este domingo en la Plaza de Armas a partir de las 11:00 horas.<\/p>\n<p>Previo al Grito de Independencia, SeCultura, dependencia encabezada por Cardiela Am\u00e9zcua Luna, invita a los habitantes del municipio a disfrutar del Centro Hist\u00f3rico con el tradicional Jenga y Ajedrez Gigantes, as\u00ed como las clases de ajedrez gratuitas que re\u00fanen a las distintas generaciones que interact\u00faan entre ellas y habitan los espacios p\u00fablicos.<\/p>\n<p>&#8220;Esta actividad ha logrado que la ciudadan\u00eda habite nuestras plazas, disfruten de actividades culturales en familia, se entable una comunicaci\u00f3n entre generaciones y se logre una empat\u00eda entre nosotros&#8221;, coment\u00f3 Am\u00e9zcua Luna.<\/p>\n<p>Las actividades continuar\u00e1n a las 13:00 horas, con el programa Domingos Musicales, que en esta ocasi\u00f3n presentar\u00e1 al Mariachi Libertad Show y al Ballet Folkl\u00f3rico de Morelia (Bafom), que dirige el maestro Israel Rosales R\u00edos, a raz\u00f3n de los festejos de las fiestas patrias en la capital michoacana.<\/p>\n<p>&#8220;En esta importante presentaci\u00f3n, los 18 bailarines en escena junto a los 9 m\u00fasicos, mostraremos a todos los asistentes, sones del Valle de Apatzing\u00e1n, Jarabes de Jalisco, Jarabes y jarabillos de la regi\u00f3n Lerma-Chapala, acompa\u00f1ados siempre por el destacado Mariachi Libertad Show con m\u00fasica 100 por ciento mexicana, grupo con el que por cierto, recientemente realizamos una gira por Zacatecas, a donde fuimos a representar a Michoac\u00e1n en el Festival del folclor Internacional Gustavo Vaquera Contreras&#8221;, explic\u00f3 Rosales R\u00edos.<\/p>\n<p>La presentaci\u00f3n del pr\u00f3ximo domingo ser\u00e1 un fragmento del programa realizado en tierras zacatecanas, adem\u00e1s de una muestra de los trajes regionales m\u00e1s representativos de la geograf\u00eda mexicana.<\/p>\n","protected":false},"excerpt":{"rendered":"<p>Las tradiciones mexicanas se mantienen vivas entre la ciudadan\u00eda, y para celebrar el 15 de septiembre, el Gobierno de Morelia a trav\u00e9s de la Secretar\u00eda de Cultura Municipal, ha preparado una serie de actividades este domingo en la Plaza de Armas a partir de las 11:00 horas. Previo al Grito de Independencia, SeCultura, dependencia encabezada [&hellip;]<\/p>\n","protected":false},"author":2,"featured_media":67350,"comment_status":"closed","ping_status":"closed","sticky":false,"template":"","format":"standard","meta":{"footnotes":""},"categories":[9],"tags":[],"class_list":["post-67349","post","type-post","status-publish","format-standard","has-post-thumbnail","hentry","category-morelia"],"_links":{"self":[{"href":"https:\/\/radiowebmx.com\/nota\/wp-json\/wp\/v2\/posts\/67349","targetHints":{"allow":["GET"]}}],"collection":[{"href":"https:\/\/radiowebmx.com\/nota\/wp-json\/wp\/v2\/posts"}],"about":[{"href":"https:\/\/radiowebmx.com\/nota\/wp-json\/wp\/v2\/types\/post"}],"author":[{"embeddable":true,"href":"https:\/\/radiowebmx.com\/nota\/wp-json\/wp\/v2\/users\/2"}],"replies":[{"embeddable":true,"href":"https:\/\/radiowebmx.com\/nota\/wp-json\/wp\/v2\/comments?post=67349"}],"version-history":[{"count":1,"href":"https:\/\/radiowebmx.com\/nota\/wp-json\/wp\/v2\/posts\/67349\/revisions"}],"predecessor-version":[{"id":67351,"href":"https:\/\/radiowebmx.com\/nota\/wp-json\/wp\/v2\/posts\/67349\/revisions\/67351"}],"wp:featuredmedia":[{"embeddable":true,"href":"https:\/\/radiowebmx.com\/nota\/wp-json\/wp\/v2\/media\/67350"}],"wp:attachment":[{"href":"https:\/\/radiowebmx.com\/nota\/wp-json\/wp\/v2\/media?parent=67349"}],"wp:term":[{"taxonomy":"category","embeddable":true,"href":"https:\/\/radiowebmx.com\/nota\/wp-json\/wp\/v2\/categories?post=67349"},{"taxonomy":"post_tag","embeddable":true,"href":"https:\/\/radiowebmx.com\/nota\/wp-json\/wp\/v2\/tags?post=67349"}],"curies":[{"name":"wp","href":"https:\/\/api.w.org\/{rel}","templated":true}]}}