{"id":673,"date":"2012-12-19T14:36:54","date_gmt":"2012-12-19T20:36:54","guid":{"rendered":"https:\/\/radiowebmx.com\/nota\/?p=673"},"modified":"2012-12-19T14:36:54","modified_gmt":"2012-12-19T20:36:54","slug":"realizaran-la-xxxi-feria-de-la-paleta-de-tocumbo","status":"publish","type":"post","link":"https:\/\/radiowebmx.com\/nota\/realizaran-la-xxxi-feria-de-la-paleta-de-tocumbo\/","title":{"rendered":"REALIZAR\u00c1N LA XXXI FERIA DE LA PALETA DE TOCUMBO"},"content":{"rendered":"<p>El municipio de Tocumbo ya se encuentra listo para llevar a cabo la XXXI Feria de la Paleta del 25 al 30 de diciembre, donde se realizar\u00e1 un homenaje para los productores oriundos de esta localidad, as\u00ed como para quienes conservan esta tradici\u00f3n en el estado y en la Rep\u00fablica Mexicana, inform\u00f3 el director de la Comisi\u00f3n de Ferias, Exposiciones y Eventos del estado (Cofeeem), Jos\u00e9 Manuel Romero Navarro.<\/p>\n<p>&nbsp;<\/p>\n<p>El funcionario destac\u00f3 que Tocumbo es considerado como \u201cla capital mundial de la paleta\u201d porque desde hace m\u00e1s de 70 a\u00f1os un grupo de neveros y paleteros han puesto ejemplo de las diferentes posibilidades que tienen los peque\u00f1os empresarios en la elaboraci\u00f3n de este alimento que ha puesto en alto a esta regi\u00f3n de donde surgi\u00f3 la compa\u00f1\u00eda heladera m\u00e1s grande de Am\u00e9rica Latina.<\/p>\n<p>&nbsp;<\/p>\n<p>Asimismo subray\u00f3 que esta feria, nacida en 1981, durante la gesti\u00f3n de la primera mujer que gobern\u00f3 el municipio de Tocumbo, Ma. Esther Andrade, pretende promover la gran variedad de exquisitos sabores y la creatividad de quienes a ello se dedican.<\/p>\n<p>&nbsp;<\/p>\n<p>Por su parte, la alcaldesa de Tocumbo, Mar\u00eda Cristina M\u00e1rquez Flores, resalt\u00f3 que esta festividad es un\u00a0 tributo a todos los paleteros que a\u00f1o con a\u00f1o se congregan para ser part\u00edcipes de esta celebraci\u00f3n que se realiza en honor a la ardua labor que realizan, y que significa una fiesta para el paladar de los visitantes que asisten a degustar una rica paleta o un exquisito helado.<\/p>\n<p>&nbsp;<\/p>\n<p>Inform\u00f3 que en la inauguraci\u00f3n de esta feria se llevar\u00e1 a cabo el encendido de la tradicional pi\u00f1ata navide\u00f1a, adem\u00e1s de la presentaci\u00f3n y coronaci\u00f3n de la Reina de la Feria de la Paleta 2012, culminando con un baile popular.<\/p>\n<p>&nbsp;<\/p>\n<p>M\u00e1rquez Flores dijo que habr\u00e1 concursos de pi\u00f1atas tradicionales, presentaci\u00f3n del ballet cl\u00e1sico de Uruapan y del Ballet \u00c1ngulo M\u00f3vil de Colima, un concierto de rock en el que participar\u00e1 Missael Oseguera, m\u00fasico oriundo de Tocumbo y saxofonista de la banda Pante\u00f3n Rococ\u00f3.<\/p>\n<p>&nbsp;<\/p>\n<p>Tambi\u00e9n se realizar\u00e1 el tradicional desfile de trajes t\u00edpicos de los estados de la Rep\u00fablica Mexicana, adem\u00e1s de un concurso de carros aleg\u00f3ricos, la magna cabalgata con exhibici\u00f3n de caballos bailadores, muestra de paletas que obsequiar\u00e1n las empresas participantes, as\u00ed como la exhibici\u00f3n y degustaci\u00f3n del helado m\u00e1s grande de Tocumbo.<\/p>\n<p>&nbsp;<\/p>\n<p>La alcaldesa de Tocumbo mencion\u00f3 que durante el transcurso de esta feria se tendr\u00e1n actividades deportivas, religiosas y culturales, exposici\u00f3n y venta de artesan\u00edas con la participaci\u00f3n de artesanos de la tenencia de Pamat\u00e1cuaro, municipio de Los Reyes, quienes ofrecer\u00e1n productos elaborados a base de madera, cobre, alfarer\u00eda, fibras vegetales, entre otros.<\/p>\n<p>&nbsp;<\/p>\n<p>Entre las actividades deportivas habr\u00e1 una carrera atl\u00e9tica y un encuentro de futbol, as\u00ed como la presentaci\u00f3n del Grupo Juvenil de Danza \u00c1rabe, del grupo de Danzoneros \u201cLa vida es bella\u201d de la Casa de la Cultura de Zamora, del d\u00fao de m\u00fasica vers\u00e1til Cecilia y H\u00e9ctor Barrag\u00e1n, adem\u00e1s se realizar\u00e1 una exhibici\u00f3n de pirotecnia y quema de castillo.<\/p>\n<p>&nbsp;<\/p>\n<p>Finalmente, Cristina M\u00e1rquez inform\u00f3 que durante los d\u00edas de la feria en punto de las 6 de la ma\u00f1ana, con la alborada habr\u00e1 m\u00fasica de banda que recorrer\u00e1 las principales calles del pueblo, as\u00ed como se instalar\u00e1n en la plaza principal galer\u00edas fotogr\u00e1ficas de los paleteros de Tocumbo y una muestra cultural de la embajada de China.<\/p>\n<p>&nbsp;<\/p>\n<p>Estuvieron presentes Hugo Chagoll\u00e1n P\u00e9rez, director de Promoci\u00f3n de la Secretar\u00eda de Desarrollo Econ\u00f3mico, y Vanina Hern\u00e1ndez Villegas, jefe de informaci\u00f3n del Centro de Desarrollo Municipal (CEDEMUN).<\/p>\n","protected":false},"excerpt":{"rendered":"<p>El municipio de Tocumbo ya se encuentra listo para llevar a cabo la XXXI Feria de la Paleta del 25 al 30 de diciembre, donde se realizar\u00e1 un homenaje para los productores oriundos de esta localidad, as\u00ed como para quienes conservan esta tradici\u00f3n en el estado y en la Rep\u00fablica Mexicana, inform\u00f3 el director de [&hellip;]<\/p>\n","protected":false},"author":1,"featured_media":0,"comment_status":"open","ping_status":"open","sticky":false,"template":"","format":"standard","meta":{"footnotes":""},"categories":[3],"tags":[],"class_list":["post-673","post","type-post","status-publish","format-standard","hentry","category-gobierno-del-estado-de-michoacan"],"_links":{"self":[{"href":"https:\/\/radiowebmx.com\/nota\/wp-json\/wp\/v2\/posts\/673","targetHints":{"allow":["GET"]}}],"collection":[{"href":"https:\/\/radiowebmx.com\/nota\/wp-json\/wp\/v2\/posts"}],"about":[{"href":"https:\/\/radiowebmx.com\/nota\/wp-json\/wp\/v2\/types\/post"}],"author":[{"embeddable":true,"href":"https:\/\/radiowebmx.com\/nota\/wp-json\/wp\/v2\/users\/1"}],"replies":[{"embeddable":true,"href":"https:\/\/radiowebmx.com\/nota\/wp-json\/wp\/v2\/comments?post=673"}],"version-history":[{"count":1,"href":"https:\/\/radiowebmx.com\/nota\/wp-json\/wp\/v2\/posts\/673\/revisions"}],"predecessor-version":[{"id":674,"href":"https:\/\/radiowebmx.com\/nota\/wp-json\/wp\/v2\/posts\/673\/revisions\/674"}],"wp:attachment":[{"href":"https:\/\/radiowebmx.com\/nota\/wp-json\/wp\/v2\/media?parent=673"}],"wp:term":[{"taxonomy":"category","embeddable":true,"href":"https:\/\/radiowebmx.com\/nota\/wp-json\/wp\/v2\/categories?post=673"},{"taxonomy":"post_tag","embeddable":true,"href":"https:\/\/radiowebmx.com\/nota\/wp-json\/wp\/v2\/tags?post=673"}],"curies":[{"name":"wp","href":"https:\/\/api.w.org\/{rel}","templated":true}]}}