{"id":67110,"date":"2019-09-04T19:37:12","date_gmt":"2019-09-05T00:37:12","guid":{"rendered":"https:\/\/radiowebmx.com\/nota\/?p=67110"},"modified":"2019-09-04T19:37:12","modified_gmt":"2019-09-05T00:37:12","slug":"busca-comision-de-turismo-coadyuvar-en-el-desarrollo-turistico-del-pais","status":"publish","type":"post","link":"https:\/\/radiowebmx.com\/nota\/busca-comision-de-turismo-coadyuvar-en-el-desarrollo-turistico-del-pais\/","title":{"rendered":"BUSCA COMISI\u00d3N DE TURISMO COADYUVAR EN EL DESARROLLO TUR\u00cdSTICO DEL PA\u00cdS"},"content":{"rendered":"<p>BUSCA COMISI\u00d3N DE TURISMO COADYUVAR EN EL DESARROLLO TUR\u00cdSTICO DEL PA\u00cdS<\/p>\n<p>\u25aa El Plan Nacional de Desarrollo 2019-2024, se refiere a dicho sector s\u00f3lo en dos ocasiones, con la construcci\u00f3n del Tren Maya y el mejoramiento de vivienda en 14 municipios<\/p>\n<p>\u25aa Antonio Garc\u00eda Conejo cuestion\u00f3 sobre las acciones a implementarse para relanzar el Programa Pueblos M\u00e1gicos<\/p>\n<p>Al cumplirse el primer a\u00f1o de gesti\u00f3n de la actual administraci\u00f3n, para el sector tur\u00edstico a\u00fan no hay claridad sobre las acciones que habr\u00e1n de implementarse durante el sexenio, se\u00f1al\u00f3 el senador del PRD y presidente de la Comisi\u00f3n de Turismo en el Senado, Antonio Garc\u00eda Conejo.<\/p>\n<p>\u201cEl Plan Nacional de Desarrollo 2019-2024, refiere \u00fanicamente a la materia tur\u00edstica en dos ocasiones y concretamente en el tema del Tren Maya y el mejoramiento de vivienda en 14 municipios que representan el 4.94 por ciento de los 283 municipios con muy alta marginaci\u00f3n y el 56 por ciento de la totalidad de los dos mil 497 municipios que conforman la Rep\u00fablica Mexicana\u201d, se\u00f1al\u00f3.<\/p>\n<p>Durante la reuni\u00f3n de trabajo con el secretario de Turismo, Miguel Torruco Marqu\u00e9s, el senador cuestion\u00f3 sobre las acciones que habr\u00e1n de implementarse en el resto de los estados y en particular, lo referente al Programa Pueblos M\u00e1gicos.<\/p>\n<p>El funcionario federal respondi\u00f3 que ser\u00e1 a trav\u00e9s de un Tianguis Tur\u00edstico como se lanzar\u00e1 una nueva estrategia para reposicionar dicho Programa, precis\u00f3 que la Secretar\u00eda de Desarrollo Agrario, Territorial y Urbano (Sedatu) es la encargada de dotar de infraestructura a los lugares que lo requieran.<\/p>\n<p>Antonio Garc\u00eda Conejo solicit\u00f3 al secretario de Turismo fungir como intermediario para sostener un encuentro con el titular de la Sedatu, Rom\u00e1n Meyer, \u201cpara que vayamos viendo de una manera m\u00e1s acelerada apoyar a estos Pueblos M\u00e1gicos que tanto han pedido que los escuchemos. Me gusta que usted siga con esa visi\u00f3n de mantenerlos y fortalecerlos, pero ahora necesitamos que se concrete en acciones y obras en esos lugares\u201d.<\/p>\n<p>El senador del PRD afirm\u00f3 que desde la Comisi\u00f3n de Turismo del Senado se tiene \u201cla mejor disposici\u00f3n de coadyuvar en la elaboraci\u00f3n de un marco jur\u00eddico que le brinde a la secretar\u00eda todas las herramientas necesarias para dar los resultados que todas y todos esperamos en materia tur\u00edstica.\u201d<\/p>\n","protected":false},"excerpt":{"rendered":"<p>BUSCA COMISI\u00d3N DE TURISMO COADYUVAR EN EL DESARROLLO TUR\u00cdSTICO DEL PA\u00cdS \u25aa El Plan Nacional de Desarrollo 2019-2024, se refiere a dicho sector s\u00f3lo en dos ocasiones, con la construcci\u00f3n del Tren Maya y el mejoramiento de vivienda en 14 municipios \u25aa Antonio Garc\u00eda Conejo cuestion\u00f3 sobre las acciones a implementarse para relanzar el Programa [&hellip;]<\/p>\n","protected":false},"author":2,"featured_media":67111,"comment_status":"closed","ping_status":"closed","sticky":false,"template":"","format":"standard","meta":{"footnotes":""},"categories":[9],"tags":[],"class_list":["post-67110","post","type-post","status-publish","format-standard","has-post-thumbnail","hentry","category-morelia"],"_links":{"self":[{"href":"https:\/\/radiowebmx.com\/nota\/wp-json\/wp\/v2\/posts\/67110","targetHints":{"allow":["GET"]}}],"collection":[{"href":"https:\/\/radiowebmx.com\/nota\/wp-json\/wp\/v2\/posts"}],"about":[{"href":"https:\/\/radiowebmx.com\/nota\/wp-json\/wp\/v2\/types\/post"}],"author":[{"embeddable":true,"href":"https:\/\/radiowebmx.com\/nota\/wp-json\/wp\/v2\/users\/2"}],"replies":[{"embeddable":true,"href":"https:\/\/radiowebmx.com\/nota\/wp-json\/wp\/v2\/comments?post=67110"}],"version-history":[{"count":1,"href":"https:\/\/radiowebmx.com\/nota\/wp-json\/wp\/v2\/posts\/67110\/revisions"}],"predecessor-version":[{"id":67112,"href":"https:\/\/radiowebmx.com\/nota\/wp-json\/wp\/v2\/posts\/67110\/revisions\/67112"}],"wp:featuredmedia":[{"embeddable":true,"href":"https:\/\/radiowebmx.com\/nota\/wp-json\/wp\/v2\/media\/67111"}],"wp:attachment":[{"href":"https:\/\/radiowebmx.com\/nota\/wp-json\/wp\/v2\/media?parent=67110"}],"wp:term":[{"taxonomy":"category","embeddable":true,"href":"https:\/\/radiowebmx.com\/nota\/wp-json\/wp\/v2\/categories?post=67110"},{"taxonomy":"post_tag","embeddable":true,"href":"https:\/\/radiowebmx.com\/nota\/wp-json\/wp\/v2\/tags?post=67110"}],"curies":[{"name":"wp","href":"https:\/\/api.w.org\/{rel}","templated":true}]}}