{"id":6709,"date":"2014-04-17T12:30:17","date_gmt":"2014-04-17T17:30:17","guid":{"rendered":"https:\/\/radiowebmx.com\/nota\/?p=6709"},"modified":"2014-05-05T22:05:27","modified_gmt":"2014-05-06T03:05:27","slug":"el-programa-televisivo-artas-plastas-cumple-9-anos-al-aire","status":"publish","type":"post","link":"https:\/\/radiowebmx.com\/nota\/el-programa-televisivo-artas-plastas-cumple-9-anos-al-aire\/","title":{"rendered":"EL PROGRAMA  TELEVISIVO \u201cARTAS PLASTAS\u201d CUMPLE 9 A\u00d1OS AL AIRE"},"content":{"rendered":"<p>El programa televisivo \u201cArtas Plastas del Sistema Michoacano de Radio y Televisi\u00f3n (SMRyTV) cumpli\u00f3 9 a\u00f1os al aire en este mes de abril.<\/p>\n<p>Armando Carre\u00f1o, productor y conductor de la emisi\u00f3n que se transmite los mi\u00e9rcoles de 20:00 a 20:30 horas y con una repetici\u00f3n los domingos en el mismo horario, agradeci\u00f3 en un desayudo a colaboradores y amigos que han participado en los contenidos a lo largo de todo este tiempo.<\/p>\n<p>En representaci\u00f3n del director general del SMRyTV, Christi\u00e1n Guti\u00e9rrez Alonso, acudi\u00f3 el subdirector de televisi\u00f3n, Sergio Romero Ornelas quien le entreg\u00f3 un reconocimiento al programa que se ha posicionado en el gusto del p\u00fablico michoacano.<\/p>\n<p>Cabe mencionar que el contenido televisivo de la emisi\u00f3n consiste en temas tradicionales y culturales que reflejan vidas contempor\u00e1neas mediante el arte, la m\u00fasica y la escultura.<\/p>\n<p>A decir del productor, \u201cArtas Plastas\u201d es incluso un t\u00e9rmino que ha sido adoptado por la agrupaci\u00f3n de artistas michoacanos que plasman en sus obras sentimientos y emociones propias.<\/p>\n<p>Paralelamente, Armando Carre\u00f1o entreg\u00f3 reconocimientos a los artistas que lo han apoyado en las grabaciones, particularmente al escultor Francisco Ram\u00edrez, quien a su vez, le obsequi\u00f3 una escultura de Pito P\u00e9rez por el apoyo que le ha brindado a la cultura y el espacio televisivo que ha abierto el inter\u00e9s por las bellas artes en las nuevas generaciones.<\/p>\n<p>Adem\u00e1s, en el evento se entregaron diplomas conmemorativos al noveno aniversario al personal de la producci\u00f3n por su labor que han realizado ininterrumpidamente.<\/p>\n<p>Sergio Romero destac\u00f3 a la producci\u00f3n por abordar un rubro que cotidianamente no es visto en los medios de comunicaci\u00f3n, y por nueve a\u00f1os dijo, ha podido reflejar el talento que muchas veces no se tiene acceso para conocerlo en todo el estado.<\/p>\n<p>&nbsp;<\/p>\n<p>Finalmente, se inform\u00f3 que el programa tendr\u00e1 emisiones cada vez m\u00e1s interesantes y con tem\u00e1ticas acordes a la modernidad y a las sugerencias que el mismo p\u00fablico les ha comentado.<\/p>\n","protected":false},"excerpt":{"rendered":"<p>El programa televisivo \u201cArtas Plastas del Sistema Michoacano de Radio y Televisi\u00f3n (SMRyTV) cumpli\u00f3 9 a\u00f1os al aire en este mes de abril.<\/p>\n","protected":false},"author":1,"featured_media":0,"comment_status":"open","ping_status":"open","sticky":false,"template":"","format":"standard","meta":{"footnotes":""},"categories":[14,3],"tags":[],"class_list":["post-6709","post","type-post","status-publish","format-standard","hentry","category-destacadas","category-gobierno-del-estado-de-michoacan"],"_links":{"self":[{"href":"https:\/\/radiowebmx.com\/nota\/wp-json\/wp\/v2\/posts\/6709","targetHints":{"allow":["GET"]}}],"collection":[{"href":"https:\/\/radiowebmx.com\/nota\/wp-json\/wp\/v2\/posts"}],"about":[{"href":"https:\/\/radiowebmx.com\/nota\/wp-json\/wp\/v2\/types\/post"}],"author":[{"embeddable":true,"href":"https:\/\/radiowebmx.com\/nota\/wp-json\/wp\/v2\/users\/1"}],"replies":[{"embeddable":true,"href":"https:\/\/radiowebmx.com\/nota\/wp-json\/wp\/v2\/comments?post=6709"}],"version-history":[{"count":2,"href":"https:\/\/radiowebmx.com\/nota\/wp-json\/wp\/v2\/posts\/6709\/revisions"}],"predecessor-version":[{"id":6823,"href":"https:\/\/radiowebmx.com\/nota\/wp-json\/wp\/v2\/posts\/6709\/revisions\/6823"}],"wp:attachment":[{"href":"https:\/\/radiowebmx.com\/nota\/wp-json\/wp\/v2\/media?parent=6709"}],"wp:term":[{"taxonomy":"category","embeddable":true,"href":"https:\/\/radiowebmx.com\/nota\/wp-json\/wp\/v2\/categories?post=6709"},{"taxonomy":"post_tag","embeddable":true,"href":"https:\/\/radiowebmx.com\/nota\/wp-json\/wp\/v2\/tags?post=6709"}],"curies":[{"name":"wp","href":"https:\/\/api.w.org\/{rel}","templated":true}]}}