{"id":6706,"date":"2014-04-16T12:24:45","date_gmt":"2014-04-16T17:24:45","guid":{"rendered":"https:\/\/radiowebmx.com\/nota\/?p=6706"},"modified":"2014-04-16T12:24:45","modified_gmt":"2014-04-16T17:24:45","slug":"urge-tomar-medidas-para-sanear-las-finanzas-municipales-en-michoacan-jose-eduardo-anaya-gomez","status":"publish","type":"post","link":"https:\/\/radiowebmx.com\/nota\/urge-tomar-medidas-para-sanear-las-finanzas-municipales-en-michoacan-jose-eduardo-anaya-gomez\/","title":{"rendered":"Urge tomar medidas para sanear las finanzas municipales en Michoac\u00e1n: Jos\u00e9 Eduardo Anaya G\u00f3mez"},"content":{"rendered":"<p><a href=\"https:\/\/radiowebmx.com\/nota\/wp-content\/uploads\/2013\/04\/Dip.-J.-Eduardo-Anaya.jpg\"><img loading=\"lazy\" decoding=\"async\" class=\"alignleft size-full wp-image-2357\" alt=\"Dip. J. Eduardo Anaya\" src=\"https:\/\/radiowebmx.com\/nota\/wp-content\/uploads\/2013\/04\/Dip.-J.-Eduardo-Anaya.jpg\" width=\"1781\" height=\"1265\" \/><\/a>; por ello se debe construir una agenda com\u00fan que coadyuve en el mejoramiento de la gesti\u00f3n p\u00fablica, as\u00ed como en el saneamiento de las finanzas, as\u00ed lo manifest\u00f3 el diputado Jos\u00e9 Eduardo Anaya G\u00f3mez.<\/p>\n<p>El legislador emanado del Partido Acci\u00f3n Nacional, se\u00f1al\u00f3 que en la fracci\u00f3n parlamentaria albiazul siempre ha sido un tema de prioridad la estabilidad en los recursos p\u00fablicos de los michoacanos, \u201cdetectamos que actualmente existe una agenda pendiente en materia de fortalecimiento municipal que conduzca a que los ayuntamientos cuenten con los recursos y atribuciones necesarias para mejorar su desempe\u00f1o y brindar mejor atenci\u00f3n a sus habitantes\u201d, resalt\u00f3.<\/p>\n<p>\u201cSabemos que uno de los principales objetivos de la entidad municipal es proteger sus intereses y satisfacer\u00a0 las necesidades colectivas con la intenci\u00f3n de procurar su desarrollo integral, y prestar los servicios p\u00fablicos de su competencia, y es por medio de la coordinaci\u00f3n de los tres poderes de gobierno tanto municipal, estatal, como federal, es que cada \u00f3rgano puede cumplir con su funci\u00f3n\u201d, destac\u00f3.<\/p>\n<p>Asimismo el tambi\u00e9n presidente de la Comisi\u00f3n de Fortalecimiento Municipal y L\u00edmites Territoriales dijo que el tema del saneamiento financiero de los ayuntamientos, debe incluirse en la Agenda de la Septuag\u00e9sima Segunda Legislatura, y \u201cas\u00ed desde las trincheras del Congreso local acordar medidas de colaboraci\u00f3n presupuestal que solvente su problema econ\u00f3mico, adem\u00e1s de realizar un an\u00e1lisis de la situaci\u00f3n que se guarda en los municipios y en base a ello aprobar en lo conducente los recursos necesarios que resuelvan sus problem\u00e1ticas\u201d.<\/p>\n<p>Anaya G\u00f3mez enfatiz\u00f3 en la coordinaci\u00f3n entre gobiernos, y que los municipios al ser la base de la organizaci\u00f3n territorial del Estado, deban contar con recursos federales adicionales que eviten se siga frenando la capacidad de respuesta por parte de las autoridades municipales, ante situaciones adversas que se sabe atraviesan los ciudadanos, y ser\u00eda la oportunidad para fortalecer la relaci\u00f3n Estado-Municipio, teniendo como resultado una mejor y eficiente coordinaci\u00f3n entre estos que se vea reflejado en finanzas sanas.<\/p>\n<p>Finalmente, el ex alcalde del municipio de Sahuayo subray\u00f3 que este tipo de medidas son pensando cien por ciento en los michoacanos, \u201cya que son los ciudadanos los que se deben ver favorecidos al construir un frente com\u00fan, por una nueva gesti\u00f3n p\u00fablica con mejor manejo y transparencia en los recursos p\u00fablicos y eficiencia en la administraci\u00f3n de sus recursos\u201d, concluy\u00f3.<\/p>\n","protected":false},"excerpt":{"rendered":"<p>Una de las m\u00e1s frecuentes preocupaciones de los alcaldes en los municipios michoacanos, es sin duda la situaci\u00f3n que guardan las haciendas p\u00fablicas municipales, por lo que resulta urgente contar con una mayor gesti\u00f3n del Gobierno del Estado ante las autoridades federales<\/p>\n","protected":false},"author":1,"featured_media":0,"comment_status":"open","ping_status":"open","sticky":false,"template":"","format":"standard","meta":{"footnotes":""},"categories":[6,8],"tags":[],"class_list":["post-6706","post","type-post","status-publish","format-standard","hentry","category-congreso-del-estado","category-grupo-parlamentario-del-pan"],"_links":{"self":[{"href":"https:\/\/radiowebmx.com\/nota\/wp-json\/wp\/v2\/posts\/6706","targetHints":{"allow":["GET"]}}],"collection":[{"href":"https:\/\/radiowebmx.com\/nota\/wp-json\/wp\/v2\/posts"}],"about":[{"href":"https:\/\/radiowebmx.com\/nota\/wp-json\/wp\/v2\/types\/post"}],"author":[{"embeddable":true,"href":"https:\/\/radiowebmx.com\/nota\/wp-json\/wp\/v2\/users\/1"}],"replies":[{"embeddable":true,"href":"https:\/\/radiowebmx.com\/nota\/wp-json\/wp\/v2\/comments?post=6706"}],"version-history":[{"count":2,"href":"https:\/\/radiowebmx.com\/nota\/wp-json\/wp\/v2\/posts\/6706\/revisions"}],"predecessor-version":[{"id":6708,"href":"https:\/\/radiowebmx.com\/nota\/wp-json\/wp\/v2\/posts\/6706\/revisions\/6708"}],"wp:attachment":[{"href":"https:\/\/radiowebmx.com\/nota\/wp-json\/wp\/v2\/media?parent=6706"}],"wp:term":[{"taxonomy":"category","embeddable":true,"href":"https:\/\/radiowebmx.com\/nota\/wp-json\/wp\/v2\/categories?post=6706"},{"taxonomy":"post_tag","embeddable":true,"href":"https:\/\/radiowebmx.com\/nota\/wp-json\/wp\/v2\/tags?post=6706"}],"curies":[{"name":"wp","href":"https:\/\/api.w.org\/{rel}","templated":true}]}}