{"id":6703,"date":"2014-04-16T12:19:36","date_gmt":"2014-04-16T17:19:36","guid":{"rendered":"https:\/\/radiowebmx.com\/nota\/?p=6703"},"modified":"2014-04-16T12:19:36","modified_gmt":"2014-04-16T17:19:36","slug":"homenajean-con-exposicion-a-iniciadores-de-una-tradicion-de-arte-tarasco","status":"publish","type":"post","link":"https:\/\/radiowebmx.com\/nota\/homenajean-con-exposicion-a-iniciadores-de-una-tradicion-de-arte-tarasco\/","title":{"rendered":"HOMENAJEAN CON EXPOSICI\u00d3N A INICIADORES DE UNA TRADICI\u00d3N DE ARTE TARASCO"},"content":{"rendered":"<p>Con el objetivo de homenajear una vida de trabajo, la de don Emilio Molinero Hurtado (1920-2013) y su esposa Juana Huipe Rojas, iniciadores de una tradici\u00f3n de arte tarasco, fue inaugurada la exposici\u00f3n \u201cModelando la memoria\u201d, donde el pasado se hizo presente en forma de patojos, ollas y grecas; adem\u00e1s de revalorar un quehacer que ha representado al estado de Michoac\u00e1n m\u00e1s all\u00e1 de sus fronteras y que ahora se encuentra en riesgo de desaparecer.<\/p>\n<p>La propuesta cultural, que estar\u00e1 disponible para visitantes y michoacanos hasta el mes junio en el Museo de Artes e Industrias Populares de P\u00e1tzcuaro, fue materializada por la Universidad Intercultural Ind\u00edgena de Michoac\u00e1n \u00a0(UIIM), en coordinaci\u00f3n con el Museo de Artes e Industrias Populares de P\u00e1tzcuaro del Instituto Nacional de Antropolog\u00eda e Historia (INAH) y diversas Instituciones, as\u00ed como coleccionistas privados.<\/p>\n<p>La coordinadora y curadora de la exposici\u00f3n, Eva Mar\u00eda Garrido Izaguirre, docente investigadora del programa de Arte y Patrimonio de la UIIM, resalt\u00f3 que don Emilio fue reconocido como Gran Maestro del Arte Popular Mexicano y honrado con el premio Er\u00e9ndira de las Artes Tradicionales, \u201cllev\u00f3 el nombre de Tzintzuntzan y la cer\u00e1mica prehisp\u00e1nica recreada en sus manos, a vitrinas de museos y galer\u00edas de M\u00e9xico y el mundo\u201d, apunt\u00f3.<\/p>\n<p>Durante la inauguraci\u00f3n, Garrido Izaguirre explic\u00f3 que la se\u00f1ora Juana era la heredera del oficio \u201cla que sab\u00eda agarrar el barro\u201d, c\u00f3mo trabajarlo, a su saber hacer se sum\u00f3 la pasi\u00f3n de don Emilio por el arte prehisp\u00e1nico, el que descubri\u00f3 en la milpa, el que conoci\u00f3 a profundidad mientras trabaj\u00f3 en la y\u00e1catas de Tzintzuntzan: curiosidad y persistencia fueron los que llevaron a do\u00f1a Juana y Emilio a reinventar la tradici\u00f3n; el reconocimiento del p\u00fablico, instituciones y artesanos hicieron el resto.<\/p>\n<p>\u201cLa familia Molinero Huipe, ha contribuido para fortalecer la tradici\u00f3n alfarera de Tzintzuntzan, municipio que concentra en sus muros la memoria de diversas tradiciones: la Prehisp\u00e1nica presente en las y\u00e1catas que coronan el pueblo, la Colonia en el conjunto monumental del ex convento Franciscano del siglo XVI y la Purh\u00e9pecha contempor\u00e1nea, representada en el tianguis artesanal, en donde resalta a primera vista la loza blanca, la verde vidriada y la bru\u00f1ida, adem\u00e1s de figuras de popote de trigo y piezas de toda la regi\u00f3n lacustre\u201d, mencion\u00f3 la investigadora.<\/p>\n<p>Durante el recorrido por la exposici\u00f3n, la viuda de Emilio Molinero Hurtado record\u00f3 que el artista siempre dec\u00eda, \u201cesto es lo que yo les dejo, mi trabajo y mis moldes, otra cosa no tengo para dejarles, lo que quiero es que no se pierdan mis grecas\u201d.<\/p>\n<p>Do\u00f1a Juana Huipe se\u00f1al\u00f3 que su esposo a los 93 a\u00f1os ya no pod\u00eda pintar, pero las ganas de trabajar lo llevaron a idear herramientas para suplir la vista creando las \u201cperinolas\u201d, que son moldes y sellos prehisp\u00e1nicos con los que creaba piezas para saciar sus ansias de seguir trabajando.<\/p>\n<p>Actualmente, do\u00f1a Juana sigue creando artesan\u00edas y fomentando en su familia lo vital que resulta mantener el legado art\u00edstico; ahora su nieto a una corta edad,\u00a0 ha sido merecedor de premios locales y estatales.<\/p>\n<p>Por todo lo anterior, los organizadores de la muestra invitan a disfrutar de la suma de a\u00f1os de arduo trabajo, derroche de creatividad y amor a la conservaci\u00f3n de tradiciones a trav\u00e9s de la transmisi\u00f3n de conocimientos generacional, que nos identifican como michoacanos.<\/p>\n<p><b>LA EXPOSICI\u00d3N<\/b><\/p>\n<p>Adem\u00e1s de realizar un homenaje p\u00f3stumo al maestro don Emilio Molinero Hurtado, se busca poner al descubierto la riqueza humana y art\u00edstica de los michoacanos, como es la tradici\u00f3n creadora de la familia Molinero Huipe.<\/p>\n<p>La exposici\u00f3n tuvo como punto de partida mejorar los a\u00f1os venideros de exhibici\u00f3n y venta de piezas, debido a que el n\u00famero de visitantes en la regi\u00f3n baj\u00f3 considerablemente, pues desde el a\u00f1o de 1940 el turismo forma parte de la econom\u00eda comunitaria como motor fundamental para el desarrollo econ\u00f3mico.<\/p>\n<p>La muestra cuenta con m\u00e1s de medio siglo de tradici\u00f3n, pues est\u00e1 constituida por piezas realizadas por don Emilio, do\u00f1a Juana, su hija Mercedes y Juan, su nieto.<\/p>\n<p>Algunas t\u00e9cnicas utilizadas en las piezas\u00a0 son moldeado, decorado con engobe blanco, rojo y negro, as\u00ed como bru\u00f1ido.<\/p>\n<p>El guion curatorial estuvo a cargo de Eva Mar\u00eda Garrido Izaguirre, las fotograf\u00edas forman parte del acervo de la familia Molinero Huipe; la fot\u00f3grafa Florence Leyret Jeune; y Jos\u00e9 Arturo Oliveros Morales, del INAH, quien realiz\u00f3 la investigaci\u00f3n.<\/p>\n","protected":false},"excerpt":{"rendered":"<p>Con el objetivo de homenajear una vida de trabajo, la de don Emilio Molinero Hurtado (1920-2013) y su esposa Juana Huipe Rojas, iniciadores de una tradici\u00f3n de arte tarasco, fue inaugurada la exposici\u00f3n \u201cModelando la memoria\u201d,<\/p>\n","protected":false},"author":1,"featured_media":0,"comment_status":"open","ping_status":"open","sticky":false,"template":"","format":"standard","meta":{"footnotes":""},"categories":[14,3],"tags":[],"class_list":["post-6703","post","type-post","status-publish","format-standard","hentry","category-destacadas","category-gobierno-del-estado-de-michoacan"],"_links":{"self":[{"href":"https:\/\/radiowebmx.com\/nota\/wp-json\/wp\/v2\/posts\/6703","targetHints":{"allow":["GET"]}}],"collection":[{"href":"https:\/\/radiowebmx.com\/nota\/wp-json\/wp\/v2\/posts"}],"about":[{"href":"https:\/\/radiowebmx.com\/nota\/wp-json\/wp\/v2\/types\/post"}],"author":[{"embeddable":true,"href":"https:\/\/radiowebmx.com\/nota\/wp-json\/wp\/v2\/users\/1"}],"replies":[{"embeddable":true,"href":"https:\/\/radiowebmx.com\/nota\/wp-json\/wp\/v2\/comments?post=6703"}],"version-history":[{"count":2,"href":"https:\/\/radiowebmx.com\/nota\/wp-json\/wp\/v2\/posts\/6703\/revisions"}],"predecessor-version":[{"id":6705,"href":"https:\/\/radiowebmx.com\/nota\/wp-json\/wp\/v2\/posts\/6703\/revisions\/6705"}],"wp:attachment":[{"href":"https:\/\/radiowebmx.com\/nota\/wp-json\/wp\/v2\/media?parent=6703"}],"wp:term":[{"taxonomy":"category","embeddable":true,"href":"https:\/\/radiowebmx.com\/nota\/wp-json\/wp\/v2\/categories?post=6703"},{"taxonomy":"post_tag","embeddable":true,"href":"https:\/\/radiowebmx.com\/nota\/wp-json\/wp\/v2\/tags?post=6703"}],"curies":[{"name":"wp","href":"https:\/\/api.w.org\/{rel}","templated":true}]}}