{"id":67026,"date":"2019-09-02T21:59:16","date_gmt":"2019-09-03T02:59:16","guid":{"rendered":"https:\/\/radiowebmx.com\/nota\/?p=67026"},"modified":"2019-09-02T21:59:16","modified_gmt":"2019-09-03T02:59:16","slug":"urge-recuperar-la-seguridad-y-tranquilidad-en-morelia-miguel-angel-chavez","status":"publish","type":"post","link":"https:\/\/radiowebmx.com\/nota\/urge-recuperar-la-seguridad-y-tranquilidad-en-morelia-miguel-angel-chavez\/","title":{"rendered":"Urge recuperar la seguridad y tranquilidad en Morelia: Miguel \u00c1ngel Ch\u00e1vez"},"content":{"rendered":"<p>La violencia criminal que se vivi\u00f3 este fin de semana en Morelia no debe minimizarse ni justificarse, remarc\u00f3 Miguel \u00c1ngel Ch\u00e1vez Zavala, Coordinador de la Comisi\u00f3n Operativa Municipal de Movimiento Ciudadano en la capital del estado.<br \/>\nLa justificaci\u00f3n que usan es que esta violencia es producto de la disputa entre grupos delincuenciales por el control del territorio para desarrollar sus actividades il\u00edcitas; sin embargo, dijo, la omisi\u00f3n de parte de las autoridades tendr\u00e1 un costo directo para los morelianos.<br \/>\n\u201cEn alg\u00fan momento las actividades il\u00edcitas de estos grupos criminales terminar\u00e1n envenenando, extorsionando y aterrorizando a la sociedad moreliana\u201d, enfatiz\u00f3 Ch\u00e1vez Zavala.<br \/>\nEl Coordinador de la Comisi\u00f3n Operativa Municipal de Movimiento Ciudadano remarc\u00f3 que la obligaci\u00f3n del Estado Mexicano es garantizar la seguridad y la tranquilidad de los ciudadanos, y esta obligaci\u00f3n no se est\u00e1 cumpliendo.<br \/>\nMiguel \u00c1ngel Ch\u00e1vez dijo que la crisis de inseguridad que se vive en Morelia y en Michoac\u00e1n en su atenci\u00f3n \u201cno debe dar cabida a c\u00e1lculos pol\u00edticos y electorales\u201d de quienes gobiernan.<br \/>\nDe esta forma remarc\u00f3 que urge que los gobiernos federal, estatal y municipal \u201cnos digan sin evasivas y sin echarse la bolita, c\u00f3mo le van a hacer para detener esta escalada de homicidios que presagian una escalada mayor de derramamiento de sangre\u201d.<br \/>\nPor ello, dijo Ch\u00e1vez Zavala, desde Movimiento Ciudadano exhortamos al presidente Andr\u00e9s Manuel L\u00f3pez Obrador, al gobernador Silvano Aureoles Conejo, y al presidente municipal Ra\u00fal Mor\u00f3n Orozco, a no cometer los errores del pasado, donde la confrontaci\u00f3n ideol\u00f3gica y pol\u00edtica, como la que se vivi\u00f3 entre Felipe Calder\u00f3n y Leonel Godoy, llevaron a Michoac\u00e1n a lo que fue su peor crisis de inseguridad en toda la historia del estado, esto por la falta de coordinaci\u00f3n para combatir a los criminales.<\/p>\n","protected":false},"excerpt":{"rendered":"<p>La violencia criminal que se vivi\u00f3 este fin de semana en Morelia no debe minimizarse ni justificarse, remarc\u00f3 Miguel \u00c1ngel Ch\u00e1vez Zavala, Coordinador de la Comisi\u00f3n Operativa Municipal de Movimiento Ciudadano en la capital del estado. La justificaci\u00f3n que usan es que esta violencia es producto de la disputa entre grupos delincuenciales por el control [&hellip;]<\/p>\n","protected":false},"author":2,"featured_media":67027,"comment_status":"closed","ping_status":"closed","sticky":false,"template":"","format":"standard","meta":{"footnotes":""},"categories":[9],"tags":[],"class_list":["post-67026","post","type-post","status-publish","format-standard","has-post-thumbnail","hentry","category-morelia"],"_links":{"self":[{"href":"https:\/\/radiowebmx.com\/nota\/wp-json\/wp\/v2\/posts\/67026","targetHints":{"allow":["GET"]}}],"collection":[{"href":"https:\/\/radiowebmx.com\/nota\/wp-json\/wp\/v2\/posts"}],"about":[{"href":"https:\/\/radiowebmx.com\/nota\/wp-json\/wp\/v2\/types\/post"}],"author":[{"embeddable":true,"href":"https:\/\/radiowebmx.com\/nota\/wp-json\/wp\/v2\/users\/2"}],"replies":[{"embeddable":true,"href":"https:\/\/radiowebmx.com\/nota\/wp-json\/wp\/v2\/comments?post=67026"}],"version-history":[{"count":1,"href":"https:\/\/radiowebmx.com\/nota\/wp-json\/wp\/v2\/posts\/67026\/revisions"}],"predecessor-version":[{"id":67028,"href":"https:\/\/radiowebmx.com\/nota\/wp-json\/wp\/v2\/posts\/67026\/revisions\/67028"}],"wp:featuredmedia":[{"embeddable":true,"href":"https:\/\/radiowebmx.com\/nota\/wp-json\/wp\/v2\/media\/67027"}],"wp:attachment":[{"href":"https:\/\/radiowebmx.com\/nota\/wp-json\/wp\/v2\/media?parent=67026"}],"wp:term":[{"taxonomy":"category","embeddable":true,"href":"https:\/\/radiowebmx.com\/nota\/wp-json\/wp\/v2\/categories?post=67026"},{"taxonomy":"post_tag","embeddable":true,"href":"https:\/\/radiowebmx.com\/nota\/wp-json\/wp\/v2\/tags?post=67026"}],"curies":[{"name":"wp","href":"https:\/\/api.w.org\/{rel}","templated":true}]}}