{"id":6701,"date":"2014-04-16T12:18:18","date_gmt":"2014-04-16T17:18:18","guid":{"rendered":"https:\/\/radiowebmx.com\/nota\/?p=6701"},"modified":"2014-04-16T12:18:18","modified_gmt":"2014-04-16T17:18:18","slug":"impulsan-politicas-publicas-con-perspectiva-de-genero-en-el-gobierno-del-estado","status":"publish","type":"post","link":"https:\/\/radiowebmx.com\/nota\/impulsan-politicas-publicas-con-perspectiva-de-genero-en-el-gobierno-del-estado\/","title":{"rendered":"IMPULSAN POL\u00cdTICAS P\u00daBLICAS CON PERSPECTIVA DE G\u00c9NERO EN EL GOBIERNO DEL ESTADO"},"content":{"rendered":"<p>Con el objetivo de generar al interior de las dependencias estatales pol\u00edticas p\u00fablicas con enfoque de g\u00e9nero, personal de m\u00e1s de 40 instituciones gubernamentales concluy\u00f3 el diplomado denominado \u201cPol\u00edticas P\u00fablicas para la Igualdad entre Mujeres y Hombres\u201d.<\/p>\n<p>&nbsp;<\/p>\n<p>El curso fue realizado por la Secretar\u00eda de la Mujer (Semujer) en coordinaci\u00f3n con la Universidad Michoacana de San Nicol\u00e1s de Hidalgo (UMSNH) y dirigido a funcionarias y funcionarios de la administraci\u00f3n p\u00fablica estatal, quienes fungen como v\u00ednculo con la dependencia para generar acciones en favor de las michoacanas.<\/p>\n<p>&nbsp;<\/p>\n<p>En este marco, el rector de la M\u00e1xima Casa de Estudios en la entidad, Salvador Jara Guerrero, hizo entrega de un reconocimiento a la titular de la Semujer, Consuelo Muro Urista, por el trabajo realizado en materia de g\u00e9nero y por la vinculaci\u00f3n que ambas instituciones han tenido para implementar diversas l\u00edneas de trabajo.<\/p>\n<p>&nbsp;<\/p>\n<p>Al clausurar el diplomado, la secretaria de la Mujer, Consuelo Muro, reconoci\u00f3 el compromiso y la colaboraci\u00f3n de la Universidad Michoacana para impulsar el tema de g\u00e9nero al interior de la instituci\u00f3n, as\u00ed como la disposici\u00f3n de las y los servidores p\u00fablicos que concluyeron el proceso de capacitaci\u00f3n.<\/p>\n<p>&nbsp;<\/p>\n<p>\u201cCelebro esta suma de esfuerzos donde con su participaci\u00f3n, ah\u00ednco, con sus ganas de aprender, generamos una sola fuerza, una sola inercia en el conocimiento del tema de g\u00e9nero y de las pol\u00edticas p\u00fablicas; s\u00e9 que esos esfuerzos se traducir\u00e1n en acciones de gobierno en cada una de las instituciones que representan\u201d, manifest\u00f3.<\/p>\n<p>&nbsp;<\/p>\n<p>La funcionaria estatal se\u00f1al\u00f3 que el diplomado tendr\u00e1 efectos multiplicadores que habr\u00e1n de reproducirse al interior de las dependencias estatales.<\/p>\n<p>&nbsp;<\/p>\n<p>Por su parte, el rector de la UMSNH, Salvador Jara Guerrero, coment\u00f3 que la lucha de g\u00e9nero ha demostrado que no se trata de una lucha a muerte, sino de una armonizaci\u00f3n entre poblaciones, \u201cque si bien debemos ser iguales ante la ley somos distintos tambi\u00e9n y tenemos que reconocer que nuestras diferencias son necesarias e importantes para sobrevivir\u201d.<\/p>\n<p>&nbsp;<\/p>\n<p>Se congratul\u00f3 de la participaci\u00f3n de mujeres en el diplomado, pero sobre todo de la participaci\u00f3n de los varones, tras referir que, \u201cquiz\u00e1 los que tenemos que ser educados somos los hombres en todo esto y la labor entonces de la mujer es doble porque no solamente tiene que luchar por su reconocimiento, sino que les toca educarnos a nosotros igual que a sus hijos\u201d, dijo.<\/p>\n<p>&nbsp;<\/p>\n<p>Durante la entrega de diplomas a las y los participantes, tambi\u00e9n estuvo presente el director de la Facultad de Econom\u00eda, Rodolfo Aguilera Villanueva, quien se\u00f1al\u00f3 que al referirse al concepto de pol\u00edtica p\u00fablica, se hace menci\u00f3n a los instrumentos que tienen que ver espec\u00edficamente en la creaci\u00f3n de herramientas para la toma de decisiones.<\/p>\n<p>&nbsp;<\/p>\n<p>\u201cEste diplomado que hoy concluimos, significa eso, el acercamiento hacia un esquema especifico, hacia el conocimiento de la pol\u00edtica p\u00fablica en la medida de la justa dimensi\u00f3n, la pol\u00edtica p\u00fablica entendida como una herramienta que nos permita la mejor toma de decisiones al interior del quehacer gubernamental, lo que ustedes han tomado es un curso de pol\u00edticas p\u00fablicas que debe de servir para aterrizarlo dentro de su instituci\u00f3n\u201d, abund\u00f3.<\/p>\n<p>&nbsp;<\/p>\n<p>Reconoci\u00f3 el trabajo conjunto entre la Semujer y la UMSNH, as\u00ed como de los\/as docentes y participantes en el diplomado, y se pronunci\u00f3 porque los conocimientos adquiridos sean una herramienta en la toma de decisiones en las diferentes instituciones en las que se desempe\u00f1an.<\/p>\n","protected":false},"excerpt":{"rendered":"<p>Con el objetivo de generar al interior de las dependencias estatales pol\u00edticas p\u00fablicas con enfoque de g\u00e9nero, personal de m\u00e1s de 40 instituciones gubernamentales concluy\u00f3 el diplomado denominado \u201cPol\u00edticas P\u00fablicas para la Igualdad entre Mujeres y Hombres\u201d.<\/p>\n","protected":false},"author":1,"featured_media":0,"comment_status":"open","ping_status":"open","sticky":false,"template":"","format":"standard","meta":{"footnotes":""},"categories":[14,3],"tags":[],"class_list":["post-6701","post","type-post","status-publish","format-standard","hentry","category-destacadas","category-gobierno-del-estado-de-michoacan"],"_links":{"self":[{"href":"https:\/\/radiowebmx.com\/nota\/wp-json\/wp\/v2\/posts\/6701","targetHints":{"allow":["GET"]}}],"collection":[{"href":"https:\/\/radiowebmx.com\/nota\/wp-json\/wp\/v2\/posts"}],"about":[{"href":"https:\/\/radiowebmx.com\/nota\/wp-json\/wp\/v2\/types\/post"}],"author":[{"embeddable":true,"href":"https:\/\/radiowebmx.com\/nota\/wp-json\/wp\/v2\/users\/1"}],"replies":[{"embeddable":true,"href":"https:\/\/radiowebmx.com\/nota\/wp-json\/wp\/v2\/comments?post=6701"}],"version-history":[{"count":1,"href":"https:\/\/radiowebmx.com\/nota\/wp-json\/wp\/v2\/posts\/6701\/revisions"}],"predecessor-version":[{"id":6702,"href":"https:\/\/radiowebmx.com\/nota\/wp-json\/wp\/v2\/posts\/6701\/revisions\/6702"}],"wp:attachment":[{"href":"https:\/\/radiowebmx.com\/nota\/wp-json\/wp\/v2\/media?parent=6701"}],"wp:term":[{"taxonomy":"category","embeddable":true,"href":"https:\/\/radiowebmx.com\/nota\/wp-json\/wp\/v2\/categories?post=6701"},{"taxonomy":"post_tag","embeddable":true,"href":"https:\/\/radiowebmx.com\/nota\/wp-json\/wp\/v2\/tags?post=6701"}],"curies":[{"name":"wp","href":"https:\/\/api.w.org\/{rel}","templated":true}]}}