{"id":66951,"date":"2019-08-30T17:25:14","date_gmt":"2019-08-30T22:25:14","guid":{"rendered":"https:\/\/radiowebmx.com\/nota\/?p=66951"},"modified":"2019-08-30T17:25:14","modified_gmt":"2019-08-30T22:25:14","slug":"raul-moron-devela-programa-de-actividades-del-mes-patrio","status":"publish","type":"post","link":"https:\/\/radiowebmx.com\/nota\/raul-moron-devela-programa-de-actividades-del-mes-patrio\/","title":{"rendered":"Ra\u00fal Mor\u00f3n  devela programa de actividades del mes patrio"},"content":{"rendered":"<p>El presidente municipal Ra\u00fal Mor\u00f3n Orozco acompa\u00f1ado por Cabildo y autoridades de los tres niveles de gobierno develaron los programas con las actividades m\u00e1s relevantes de las fiestas patrias 2019.<\/p>\n<p>Como punto de partida el Palacio Municipal fue el lugar en el que el alcalde, Ra\u00fal Mor\u00f3n descubri\u00f3 el primer programa de 8 que est\u00e1n en el recorrido del bando solemne y se encuentran en diferentes puntos del centro hist\u00f3rico de la ciudad.<\/p>\n<p>En compa\u00f1\u00eda del secretario de Gobierno del estado, Carlos Herrera Tello, el comandante de la 21 Zona Militar, Gerardo M\u00e9rida S\u00e1nchez, el representante del Supremo Tribunal de Justicia y del Consejo del poder Judicial de la entidad, Juan Salvador Alonso, el presidente municipal, Ra\u00fal Mor\u00f3n recorri\u00f3 cada uno de los puntos en los que se encuentran los estrados municipales como son: El Antiguo Palacio de Justicia; La calle Valladolid esquina Vasco de Quiroga; Palacio Federal; Palacio Legislativo; Palacio de Gobierno; Portal Hidalgo; Colegio de San Nicol\u00e1s de Hidalgo y por su puesto; Palacio Municipal.<\/p>\n<p>Ser\u00e1n 137 actividades durante las fiestas patrias de Morelia en el presente septiembre 2019, de las cuales 17 son de car\u00e1cter tur\u00edstico, que llenar\u00e1n de verbena y sabor de la gastronom\u00eda michoacana la ciudad para el disfrute de la ciudadan\u00eda y visitantes de la urbe.<\/p>\n<p>Asimismo, a este evento tambi\u00e9n asisti\u00f3 la s\u00edndico, Labinia Aranda Ortega, el secretario del Ayuntamiento, Humberto Arr\u00f3niz Reyes, el coordinador general de Educaci\u00f3n Continua a Distancia y Abierta de la Universidad Michoacana de San Nicol\u00e1s de Hidalgo (UMSNH), Leonel Garc\u00eda Tinajero, el secretario de Educaci\u00f3n del Estado, Alberto Frutis Sol\u00eds y el representante de la Polic\u00eda Federal en la entidad, Felipe Rasc\u00f3n.<\/p>\n","protected":false},"excerpt":{"rendered":"<p>El presidente municipal Ra\u00fal Mor\u00f3n Orozco acompa\u00f1ado por Cabildo y autoridades de los tres niveles de gobierno develaron los programas con las actividades m\u00e1s relevantes de las fiestas patrias 2019. Como punto de partida el Palacio Municipal fue el lugar en el que el alcalde, Ra\u00fal Mor\u00f3n descubri\u00f3 el primer programa de 8 que est\u00e1n [&hellip;]<\/p>\n","protected":false},"author":2,"featured_media":66952,"comment_status":"closed","ping_status":"closed","sticky":false,"template":"","format":"standard","meta":{"footnotes":""},"categories":[9],"tags":[],"class_list":["post-66951","post","type-post","status-publish","format-standard","has-post-thumbnail","hentry","category-morelia"],"_links":{"self":[{"href":"https:\/\/radiowebmx.com\/nota\/wp-json\/wp\/v2\/posts\/66951","targetHints":{"allow":["GET"]}}],"collection":[{"href":"https:\/\/radiowebmx.com\/nota\/wp-json\/wp\/v2\/posts"}],"about":[{"href":"https:\/\/radiowebmx.com\/nota\/wp-json\/wp\/v2\/types\/post"}],"author":[{"embeddable":true,"href":"https:\/\/radiowebmx.com\/nota\/wp-json\/wp\/v2\/users\/2"}],"replies":[{"embeddable":true,"href":"https:\/\/radiowebmx.com\/nota\/wp-json\/wp\/v2\/comments?post=66951"}],"version-history":[{"count":1,"href":"https:\/\/radiowebmx.com\/nota\/wp-json\/wp\/v2\/posts\/66951\/revisions"}],"predecessor-version":[{"id":66953,"href":"https:\/\/radiowebmx.com\/nota\/wp-json\/wp\/v2\/posts\/66951\/revisions\/66953"}],"wp:featuredmedia":[{"embeddable":true,"href":"https:\/\/radiowebmx.com\/nota\/wp-json\/wp\/v2\/media\/66952"}],"wp:attachment":[{"href":"https:\/\/radiowebmx.com\/nota\/wp-json\/wp\/v2\/media?parent=66951"}],"wp:term":[{"taxonomy":"category","embeddable":true,"href":"https:\/\/radiowebmx.com\/nota\/wp-json\/wp\/v2\/categories?post=66951"},{"taxonomy":"post_tag","embeddable":true,"href":"https:\/\/radiowebmx.com\/nota\/wp-json\/wp\/v2\/tags?post=66951"}],"curies":[{"name":"wp","href":"https:\/\/api.w.org\/{rel}","templated":true}]}}