{"id":66916,"date":"2019-08-29T19:23:03","date_gmt":"2019-08-30T00:23:03","guid":{"rendered":"https:\/\/radiowebmx.com\/nota\/?p=66916"},"modified":"2019-08-29T19:23:03","modified_gmt":"2019-08-30T00:23:03","slug":"gobierno-de-morelia-acerca-servicios-de-salud-a-morelianos","status":"publish","type":"post","link":"https:\/\/radiowebmx.com\/nota\/gobierno-de-morelia-acerca-servicios-de-salud-a-morelianos\/","title":{"rendered":"Gobierno de Morelia acerca servicios de salud a morelianos"},"content":{"rendered":"<p>Acercar los servicios b\u00e1sicos de salud a todos los rincones del municipio es una de las prioridades del Gobierno de Morelia encabezado por el presidente municipal, Ra\u00fal Mor\u00f3n Orozco, por ello la Direcci\u00f3n de Salud Municipal, perteneciente a la Secretar\u00eda de Bienestar y Pol\u00edtica Social, contin\u00faa llevando a trav\u00e9s de sus 37 unidades m\u00e9dicas fijas y una m\u00f3vil la atenci\u00f3n m\u00e9dica general, nutritiva, psicol\u00f3gica, odontol\u00f3gica y reproductiva.<\/p>\n<p>Dicha misi\u00f3n es llevada con ayuda de alrededor de 30 profesionistas basificados, 96 pasantes y 139 J\u00f3venes Construyendo el Futuro, quienes brindan la atenci\u00f3n m\u00e9dica correspondiente, accionan diversas campa\u00f1as de prevenci\u00f3n o en su defecto vigilan la incidencia epidemiol\u00f3gica seg\u00fan sea necesidad de la colonia, comunidad o tenencia, ya que a la par realizan visitas de inspecci\u00f3n por cada uno de los hogares.<\/p>\n<p>De la mano al cuidado de la salud, se encuentra la rehabilitaci\u00f3n de las Unidades M\u00e9dicas, motivo por lo cual se han invertido 2 millones 967 mil pesos para la rehabilitaci\u00f3n de 13 cl\u00ednicas, asegurando un espacio \u00f3ptimo para recibir, tratar y dar seguridad al paciente. Sumado a lo anterior y atendiendo la falta de medicamentos, se ha trabajado en una gesti\u00f3n que permita la compra unificada de insumos, cuyo valor ronda los 387 mil 551 pesos, que de lograrse se distribuir\u00e1 en cada una de las unidades garantizando medicinas de calidad al alcance del paciente una vez que haya asistido a consulta.<\/p>\n<p>En aras de ampliar la cobertura municipal de salud, se buscar\u00e1 aperturar las unidades m\u00e9dicas ubicadas en Misi\u00f3n del Valle, Loma Caliente y Cuanajillo, sitios que ya cuentan con el equipamiento e infraestructura suficiente, pero que necesitan de una mayor proyecci\u00f3n presupuestal para su puesta en marcha.<\/p>\n<p>Finalmente, la Direcci\u00f3n de Salud Municipal trabaja en la certificaci\u00f3n federal de cada una de sus unidades, con lo cual mediante gestiones podr\u00edan atraer mayores beneficios en cuanto a personal y medicamento se refiere, ya que podr\u00e1 acceder al esquema del seguro popular que da cobertura a toda la poblaci\u00f3n mexicana.<\/p>\n<p>Con estas acciones, el Gobierno de Morelia refrenda su compromiso por mejorar las condiciones de sanidad en la capital michoacana, brindando atenci\u00f3n integral a ni\u00f1os, j\u00f3venes y adultos, derivando con ello en un municipio m\u00e1s protegido en cuanto al cuidado de la salud se refiere.<\/p>\n","protected":false},"excerpt":{"rendered":"<p>Acercar los servicios b\u00e1sicos de salud a todos los rincones del municipio es una de las prioridades del Gobierno de Morelia encabezado por el presidente municipal, Ra\u00fal Mor\u00f3n Orozco, por ello la Direcci\u00f3n de Salud Municipal, perteneciente a la Secretar\u00eda de Bienestar y Pol\u00edtica Social, contin\u00faa llevando a trav\u00e9s de sus 37 unidades m\u00e9dicas fijas [&hellip;]<\/p>\n","protected":false},"author":2,"featured_media":66917,"comment_status":"closed","ping_status":"closed","sticky":false,"template":"","format":"standard","meta":{"footnotes":""},"categories":[9],"tags":[],"class_list":["post-66916","post","type-post","status-publish","format-standard","has-post-thumbnail","hentry","category-morelia"],"_links":{"self":[{"href":"https:\/\/radiowebmx.com\/nota\/wp-json\/wp\/v2\/posts\/66916","targetHints":{"allow":["GET"]}}],"collection":[{"href":"https:\/\/radiowebmx.com\/nota\/wp-json\/wp\/v2\/posts"}],"about":[{"href":"https:\/\/radiowebmx.com\/nota\/wp-json\/wp\/v2\/types\/post"}],"author":[{"embeddable":true,"href":"https:\/\/radiowebmx.com\/nota\/wp-json\/wp\/v2\/users\/2"}],"replies":[{"embeddable":true,"href":"https:\/\/radiowebmx.com\/nota\/wp-json\/wp\/v2\/comments?post=66916"}],"version-history":[{"count":1,"href":"https:\/\/radiowebmx.com\/nota\/wp-json\/wp\/v2\/posts\/66916\/revisions"}],"predecessor-version":[{"id":66918,"href":"https:\/\/radiowebmx.com\/nota\/wp-json\/wp\/v2\/posts\/66916\/revisions\/66918"}],"wp:featuredmedia":[{"embeddable":true,"href":"https:\/\/radiowebmx.com\/nota\/wp-json\/wp\/v2\/media\/66917"}],"wp:attachment":[{"href":"https:\/\/radiowebmx.com\/nota\/wp-json\/wp\/v2\/media?parent=66916"}],"wp:term":[{"taxonomy":"category","embeddable":true,"href":"https:\/\/radiowebmx.com\/nota\/wp-json\/wp\/v2\/categories?post=66916"},{"taxonomy":"post_tag","embeddable":true,"href":"https:\/\/radiowebmx.com\/nota\/wp-json\/wp\/v2\/tags?post=66916"}],"curies":[{"name":"wp","href":"https:\/\/api.w.org\/{rel}","templated":true}]}}