{"id":6682,"date":"2014-04-12T13:17:42","date_gmt":"2014-04-12T18:17:42","guid":{"rendered":"https:\/\/radiowebmx.com\/nota\/?p=6682"},"modified":"2014-04-15T13:19:47","modified_gmt":"2014-04-15T18:19:47","slug":"sectur-morelia-da-bienvenida-a-turistas","status":"publish","type":"post","link":"https:\/\/radiowebmx.com\/nota\/sectur-morelia-da-bienvenida-a-turistas\/","title":{"rendered":"SECTUR MORELIA DA BIENVENIDA A TURISTAS"},"content":{"rendered":"<p><a href=\"https:\/\/radiowebmx.com\/nota\/wp-content\/uploads\/2014\/04\/7.jpg\"><img loading=\"lazy\" decoding=\"async\" class=\"alignleft size-full wp-image-6683\" alt=\"7\" src=\"https:\/\/radiowebmx.com\/nota\/wp-content\/uploads\/2014\/04\/7.jpg\" width=\"591\" height=\"402\" \/><\/a>Como parte del operativo vacacional de Semana Santa 2014, el Ayuntamiento de Morelia en Suma de Voluntades, dio la bienvenida a los turistas que ingresaron a la ciudad en las primeras horas de este s\u00e1bado.<\/p>\n<p>&nbsp;<\/p>\n<p>El secretario de Turismo de Morelia, Enrique Rivera Ruiz, fue quien de manera personal brind\u00f3 esta bienvenida a los paseantes que llegaban a la ciudad. Como primera acci\u00f3n, en la salida a Salamanca personal de la Secretar\u00eda de Turismo as\u00ed como j\u00f3venes que prestan su servicio social fueron quienes entregaron a los paseantes un presente distintivo que inclu\u00eda una caja alusiva a la ciudad y en su interior conten\u00eda un dulce regional, un mapa de la ciudad, una postal y un calendario de actividades, una pulsera, as\u00ed como tambi\u00e9n un poster alusivo a este periodo vacacional de Semana Santa.<\/p>\n<p>&nbsp;<\/p>\n<p>Posteriormente, el secretario junto con personal de la dependencia de Turismo del Ayuntamiento se trasladaron a la Terminal de Autobuses de Morelia en donde, de igual manera, a los turistas que ven\u00edan haciendo su arribo a la ciudad se les daba la bienvenida entreg\u00e1ndoles un programa de las m\u00e1s de 20 actividades que se llevar\u00e1n a cabo en este periodo vacacional.<\/p>\n<p>&nbsp;<\/p>\n<p>Durante estas vacaciones, se estima que Morelia tenga una ocupaci\u00f3n hotelera durante los d\u00edas santos del 100 por ciento, con una afluencia tur\u00edstica de m\u00e1s de 20 mil personas, estos visitantes provienen principalmente del Distrito Federal, Guadalajara y Guanajuato, del extranjero los principales visitantes son de Estados Unidos y el porcentaje que se tiene registrado ser\u00e1 de un 12 por ciento extranjero y un 80 por ciento nacional.<\/p>\n","protected":false},"excerpt":{"rendered":"<p>Como parte del operativo vacacional de Semana Santa 2014, el Ayuntamiento de Morelia en Suma de Voluntades, dio la bienvenida a los turistas que ingresaron a la ciudad en las primeras horas de este s\u00e1bado.<\/p>\n","protected":false},"author":1,"featured_media":0,"comment_status":"open","ping_status":"open","sticky":false,"template":"","format":"standard","meta":{"footnotes":""},"categories":[14,9],"tags":[],"class_list":["post-6682","post","type-post","status-publish","format-standard","hentry","category-destacadas","category-morelia"],"_links":{"self":[{"href":"https:\/\/radiowebmx.com\/nota\/wp-json\/wp\/v2\/posts\/6682","targetHints":{"allow":["GET"]}}],"collection":[{"href":"https:\/\/radiowebmx.com\/nota\/wp-json\/wp\/v2\/posts"}],"about":[{"href":"https:\/\/radiowebmx.com\/nota\/wp-json\/wp\/v2\/types\/post"}],"author":[{"embeddable":true,"href":"https:\/\/radiowebmx.com\/nota\/wp-json\/wp\/v2\/users\/1"}],"replies":[{"embeddable":true,"href":"https:\/\/radiowebmx.com\/nota\/wp-json\/wp\/v2\/comments?post=6682"}],"version-history":[{"count":2,"href":"https:\/\/radiowebmx.com\/nota\/wp-json\/wp\/v2\/posts\/6682\/revisions"}],"predecessor-version":[{"id":6685,"href":"https:\/\/radiowebmx.com\/nota\/wp-json\/wp\/v2\/posts\/6682\/revisions\/6685"}],"wp:attachment":[{"href":"https:\/\/radiowebmx.com\/nota\/wp-json\/wp\/v2\/media?parent=6682"}],"wp:term":[{"taxonomy":"category","embeddable":true,"href":"https:\/\/radiowebmx.com\/nota\/wp-json\/wp\/v2\/categories?post=6682"},{"taxonomy":"post_tag","embeddable":true,"href":"https:\/\/radiowebmx.com\/nota\/wp-json\/wp\/v2\/tags?post=6682"}],"curies":[{"name":"wp","href":"https:\/\/api.w.org\/{rel}","templated":true}]}}