{"id":6677,"date":"2014-04-11T13:11:18","date_gmt":"2014-04-11T18:11:18","guid":{"rendered":"https:\/\/radiowebmx.com\/nota\/?p=6677"},"modified":"2014-04-15T13:17:22","modified_gmt":"2014-04-15T18:17:22","slug":"aprueban-lista-de-integrantes-del-consejo-consultivo-del-implan","status":"publish","type":"post","link":"https:\/\/radiowebmx.com\/nota\/aprueban-lista-de-integrantes-del-consejo-consultivo-del-implan\/","title":{"rendered":"APRUEBAN LISTA DE INTEGRANTES DEL CONSEJO CONSULTIVO DEL IMPLAN"},"content":{"rendered":"<p><a href=\"https:\/\/radiowebmx.com\/nota\/wp-content\/uploads\/2014\/04\/DSC_6597.jpg\"><img loading=\"lazy\" decoding=\"async\" class=\"alignleft size-full wp-image-6678\" alt=\"DSC_6597\" src=\"https:\/\/radiowebmx.com\/nota\/wp-content\/uploads\/2014\/04\/DSC_6597.jpg\" width=\"591\" height=\"331\" \/><\/a>En sesi\u00f3n extraordinaria, el Cabildo de Morelia aprob\u00f3 este viernes, por unanimidad, la designaci\u00f3n de los miembros integrantes del Consejo Consultivo del Instituto Municipal de Planeaci\u00f3n. De acuerdo con el decreto de creaci\u00f3n de esta dependencia municipal ser\u00e1n 30 los integrantes del consejo que coordinar\u00e1 las acciones y trabajos del IMPLAN.<\/p>\n<p>El presidente municipal de Morelia, Wilfrido L\u00e1zaro Medina celebr\u00f3 que, una vez m\u00e1s, el m\u00e1ximo \u00f3rgano colegiado ha dado muestra de una verdadera Suma de Voluntades, al dar un paso m\u00e1s en la conformaci\u00f3n del IMPLAN, como la integraci\u00f3n del Consejo Consultivo integrado por ciudadanos que tienen una visi\u00f3n integral del municipio y que tienen la voluntad de dejar sentadas acciones efectivas para el desarrollo de Morelia.<\/p>\n<p>Asegur\u00f3 sentirse orgulloso de que la actual administraci\u00f3n dejar\u00e1 un instrumento que determinar\u00e1 la evoluci\u00f3n y bienestar de los ciudadanos en esta y las pr\u00f3ximas generaciones.<\/p>\n<p>Por su parte el s\u00edndico municipal, Salvador Abud Mirabent, expuso que la integraci\u00f3n de los consejeros viene de un an\u00e1lisis a detalle en el que se busca tener un equilibrio en puntos de vista de expertos en todos los temas que sirvan para alcanzar un desarrollo integral a largo plazo.<\/p>\n<p>Integrantes del Consejo Consultivo del Instituto Municipal de Planeaci\u00f3n:<\/p>\n<ul>\n<li>Diana Gabriela Hern\u00e1ndez Lomel\u00ed<\/li>\n<li>Gabriel Mazar y Ferrer<\/li>\n<li>Alberto Herrej\u00f3n Abud<\/li>\n<li>Gregorio Roberto Ram\u00edrez Delgado<\/li>\n<li>Jos\u00e9 Roberto Santill\u00e1n Ferreyra<\/li>\n<li>Claudia Margarita Garc\u00eda Paul\u00edn<\/li>\n<li>Juan Pablo R\u00edos y Valles Boysselle<\/li>\n<li>Francisco Garc\u00eda Mier<\/li>\n<li>Arcadio Antonio M\u00e9ndez Hurtado<\/li>\n<li>Carlos Alberto Hiriart Pardo<\/li>\n<li>Carlos Primo Torres Arenal<\/li>\n<li>Adri\u00e1n Huerta Leal<\/li>\n<li>Diego Vilchis Mariscal<\/li>\n<li>Carlos Eduardo Mendoza Rosales<\/li>\n<li>Jos\u00e9 Luis Sol\u00f3rzano Garc\u00eda<\/li>\n<li>Alejandro Contreras L\u00f3pez<\/li>\n<li>Ver\u00f3nica Bernal Vargas<\/li>\n<li>Salvador Durand Mora<\/li>\n<li>Eduardo Ram\u00f3n Ram\u00edrez L\u00f3pez<\/li>\n<li>Mario rodr\u00edguez Loeza<\/li>\n<li>Antonio Delgado P\u00e9rez<\/li>\n<li>Salvador Abud Antonio<\/li>\n<li>Jos\u00e9 Antonio Garrido Mej\u00eda<\/li>\n<li>Zabel Pineda Ant\u00fanez<\/li>\n<li>Manuel Guillermo S\u00e1nchez Contreras<\/li>\n<li>Jorge Arturo Casar Aldrete<\/li>\n<li>Luisa Arriaga de Soto<\/li>\n<li>Eugenio Flores Dami\u00e1n<\/li>\n<li>Miguel Antonio Abraham Hanna<\/li>\n<\/ul>\n","protected":false},"excerpt":{"rendered":"<p>En sesi\u00f3n extraordinaria, el Cabildo de Morelia aprob\u00f3 este viernes, por unanimidad, la designaci\u00f3n de los miembros integrantes del Consejo Consultivo del Instituto Municipal de Planeaci\u00f3n.<\/p>\n","protected":false},"author":1,"featured_media":0,"comment_status":"open","ping_status":"open","sticky":false,"template":"","format":"standard","meta":{"footnotes":""},"categories":[14,9],"tags":[],"class_list":["post-6677","post","type-post","status-publish","format-standard","hentry","category-destacadas","category-morelia"],"_links":{"self":[{"href":"https:\/\/radiowebmx.com\/nota\/wp-json\/wp\/v2\/posts\/6677","targetHints":{"allow":["GET"]}}],"collection":[{"href":"https:\/\/radiowebmx.com\/nota\/wp-json\/wp\/v2\/posts"}],"about":[{"href":"https:\/\/radiowebmx.com\/nota\/wp-json\/wp\/v2\/types\/post"}],"author":[{"embeddable":true,"href":"https:\/\/radiowebmx.com\/nota\/wp-json\/wp\/v2\/users\/1"}],"replies":[{"embeddable":true,"href":"https:\/\/radiowebmx.com\/nota\/wp-json\/wp\/v2\/comments?post=6677"}],"version-history":[{"count":3,"href":"https:\/\/radiowebmx.com\/nota\/wp-json\/wp\/v2\/posts\/6677\/revisions"}],"predecessor-version":[{"id":6680,"href":"https:\/\/radiowebmx.com\/nota\/wp-json\/wp\/v2\/posts\/6677\/revisions\/6680"}],"wp:attachment":[{"href":"https:\/\/radiowebmx.com\/nota\/wp-json\/wp\/v2\/media?parent=6677"}],"wp:term":[{"taxonomy":"category","embeddable":true,"href":"https:\/\/radiowebmx.com\/nota\/wp-json\/wp\/v2\/categories?post=6677"},{"taxonomy":"post_tag","embeddable":true,"href":"https:\/\/radiowebmx.com\/nota\/wp-json\/wp\/v2\/tags?post=6677"}],"curies":[{"name":"wp","href":"https:\/\/api.w.org\/{rel}","templated":true}]}}