{"id":66717,"date":"2019-08-22T13:38:53","date_gmt":"2019-08-22T18:38:53","guid":{"rendered":"https:\/\/radiowebmx.com\/nota\/?p=66717"},"modified":"2019-08-22T13:38:53","modified_gmt":"2019-08-22T18:38:53","slug":"emite-federacion-recomendaciones-por-incendio-en-ciudad-industrial-en-morelia","status":"publish","type":"post","link":"https:\/\/radiowebmx.com\/nota\/emite-federacion-recomendaciones-por-incendio-en-ciudad-industrial-en-morelia\/","title":{"rendered":"Emite federaci\u00f3n recomendaciones por incendio en Ciudad Industrial en Morelia"},"content":{"rendered":"<p>La Secretar\u00eda de Bienestar, Delegaci\u00f3n Michoac\u00e1n, la Secretar\u00eda de Seguridad y Protecci\u00f3n Ciudadana, la Coordinaci\u00f3n Nacional de Protecci\u00f3n Civil (CNPC) y el Centro Nacional de Prevenci\u00f3n de Desastres (CENAPRED) hacen un llamado a la ciudadan\u00eda para tomar las debidas recomendaciones, tras el incendio registrado en Ciudad Industrial en la capital michoacana.<\/p>\n<p>De acuerdo con el pron\u00f3stico meteorol\u00f3gico para la ciudad, en los pr\u00f3ximos tres d\u00edas se espera que la contaminaci\u00f3n del aire se disperse con velocidades de viento moderadas a ligeras, as\u00ed como las precipitaciones pluviales que favorecer\u00e1n la eliminaci\u00f3n de contaminantes en el aire.<\/p>\n<p>Entre los principales s\u00edntomas al estar expuesto a los gases y humos generados por el incendio, se encuentran: irritaciones agudas en ojos y v\u00edas respiratorias superiores, tos y ronquera, dolor en el pecho, dificultad para respirar como falta de aliento y respiraci\u00f3n ruidosa, dolor de cabeza y abdominal, n\u00e1usea y desmayo.<\/p>\n<p>Ello se debe a que durante el incendio se producen gases, humo y flama, lo cual puede empeorar los s\u00edntomas de personas que padecen de afectaciones respiratorias preexistentes, tales como alergias respiratorias, asma y la enfermedad pulmonar obstructiva cr\u00f3nica (EPOC).<\/p>\n<p>Es importante se\u00f1alar que, cuando la concentraci\u00f3n de humo es bastante alta, incluso las personas saludables podr\u00edan presentar algunos de los s\u00edntomas antes mencionados. Si la exposici\u00f3n ha sido muy intensa, tambi\u00e9n pueden tener repercusiones a largo plazo en poblaci\u00f3n vulnerable.<\/p>\n<p>Los ancianos tienen mayor posibilidad de verse afectados por el humo, tal vez porque es m\u00e1s probable que padezcan de enfermedades card\u00edacas o pulmonares que los m\u00e1s j\u00f3venes, en tanto los ni\u00f1os corren mayor riesgo de salud por exposici\u00f3n al humo debido a que sus v\u00edas respiratorias a\u00fan est\u00e1n en desarrollo e inhalan m\u00e1s aire. Adem\u00e1s, los ni\u00f1os tienden a realizar m\u00e1s actividades al aire libre.<\/p>\n<p>Por tal motivo, se emiten las siguientes recomendaciones:<\/p>\n","protected":false},"excerpt":{"rendered":"<p>La Secretar\u00eda de Bienestar, Delegaci\u00f3n Michoac\u00e1n, la Secretar\u00eda de Seguridad y Protecci\u00f3n Ciudadana, la Coordinaci\u00f3n Nacional de Protecci\u00f3n Civil (CNPC) y el Centro Nacional de Prevenci\u00f3n de Desastres (CENAPRED) hacen un llamado a la ciudadan\u00eda para tomar las debidas recomendaciones, tras el incendio registrado en Ciudad Industrial en la capital michoacana. De acuerdo con el [&hellip;]<\/p>\n","protected":false},"author":2,"featured_media":66718,"comment_status":"closed","ping_status":"closed","sticky":false,"template":"","format":"standard","meta":{"footnotes":""},"categories":[9],"tags":[],"class_list":["post-66717","post","type-post","status-publish","format-standard","has-post-thumbnail","hentry","category-morelia"],"_links":{"self":[{"href":"https:\/\/radiowebmx.com\/nota\/wp-json\/wp\/v2\/posts\/66717","targetHints":{"allow":["GET"]}}],"collection":[{"href":"https:\/\/radiowebmx.com\/nota\/wp-json\/wp\/v2\/posts"}],"about":[{"href":"https:\/\/radiowebmx.com\/nota\/wp-json\/wp\/v2\/types\/post"}],"author":[{"embeddable":true,"href":"https:\/\/radiowebmx.com\/nota\/wp-json\/wp\/v2\/users\/2"}],"replies":[{"embeddable":true,"href":"https:\/\/radiowebmx.com\/nota\/wp-json\/wp\/v2\/comments?post=66717"}],"version-history":[{"count":1,"href":"https:\/\/radiowebmx.com\/nota\/wp-json\/wp\/v2\/posts\/66717\/revisions"}],"predecessor-version":[{"id":66719,"href":"https:\/\/radiowebmx.com\/nota\/wp-json\/wp\/v2\/posts\/66717\/revisions\/66719"}],"wp:featuredmedia":[{"embeddable":true,"href":"https:\/\/radiowebmx.com\/nota\/wp-json\/wp\/v2\/media\/66718"}],"wp:attachment":[{"href":"https:\/\/radiowebmx.com\/nota\/wp-json\/wp\/v2\/media?parent=66717"}],"wp:term":[{"taxonomy":"category","embeddable":true,"href":"https:\/\/radiowebmx.com\/nota\/wp-json\/wp\/v2\/categories?post=66717"},{"taxonomy":"post_tag","embeddable":true,"href":"https:\/\/radiowebmx.com\/nota\/wp-json\/wp\/v2\/tags?post=66717"}],"curies":[{"name":"wp","href":"https:\/\/api.w.org\/{rel}","templated":true}]}}