{"id":66704,"date":"2019-08-21T18:00:58","date_gmt":"2019-08-21T23:00:58","guid":{"rendered":"https:\/\/radiowebmx.com\/nota\/?p=66704"},"modified":"2019-08-21T18:00:58","modified_gmt":"2019-08-21T23:00:58","slug":"gobierno-de-morelia-emite-recomendaciones-precautorias-al-noroeste-de-la-ciudad","status":"publish","type":"post","link":"https:\/\/radiowebmx.com\/nota\/gobierno-de-morelia-emite-recomendaciones-precautorias-al-noroeste-de-la-ciudad\/","title":{"rendered":"Gobierno de Morelia emite recomendaciones precautorias al noroeste de la ciudad"},"content":{"rendered":"<p>Con el fin de ofrecer a la poblaci\u00f3n medidas de precauci\u00f3n a la ciudadan\u00eda que habite o se traslade al noroeste de la ciudad, el Gobierno de Morelia mediante la Direcci\u00f3n de Salud municipal a cargo de Daniela D\u00edaz Dur\u00e1n, dio a conocer una serie de acciones que debe adoptar las personas en esta zona de la urbe y evitar molestias o complicaciones en su salud.<\/p>\n<p>Entre ellas se encuentran: Evitar actividades al aire libre, tal como ejercicio, evitar realizar actividades c\u00edvicas, deportivas, recreo, etc\u00e9tera; Hidratarse continuamente al menos con un litro y medio de agua al d\u00eda, evitar el uso de lentes de contacto, acudir al m\u00e9dico en caso de molestias, y en caso de ocupar aire acondicionado utilizarlo en modo de recirculaci\u00f3n.<\/p>\n<p>Adem\u00e1s de: No fumar, facilitar el trabajo desde casa, especialmente a la poblaci\u00f3n que pertenece a grupos vulnerables; en caso de vivir cerca del incendio es importante colocar toallas h\u00famedas en ranuras de puertas y ventanas.<\/p>\n<p>Tambi\u00e9n es importante evitar el contacto de personas y mascotas con las cenizas, as\u00ed como barrer lugares abiertos y humedecer ligeramente sin dejar que se disperse de nuevo en el aire, adem\u00e1s de posponer eventos deportivos hasta que la calidad del aire mejore; No quemar materiales, biomasa y\/o combustibles, actividades que como quemas agr\u00edcolas, de llantas, residuos, pirotecnia y dem\u00e1s materiales como le\u00f1a y carb\u00f3n, as\u00ed como velas o incienso.<\/p>\n<p>De esta manera, el Gobierno de Morelia mantiene acciones preventivas y las difunde para que la ciudadan\u00eda las adopte en su vida diaria ante situaciones como el siniestro registrado el pasado martes 19 de agosto del presente en dicha \u00e1rea industrial.<\/p>\n","protected":false},"excerpt":{"rendered":"<p>Con el fin de ofrecer a la poblaci\u00f3n medidas de precauci\u00f3n a la ciudadan\u00eda que habite o se traslade al noroeste de la ciudad, el Gobierno de Morelia mediante la Direcci\u00f3n de Salud municipal a cargo de Daniela D\u00edaz Dur\u00e1n, dio a conocer una serie de acciones que debe adoptar las personas en esta zona [&hellip;]<\/p>\n","protected":false},"author":2,"featured_media":66705,"comment_status":"closed","ping_status":"closed","sticky":false,"template":"","format":"standard","meta":{"footnotes":""},"categories":[9],"tags":[],"class_list":["post-66704","post","type-post","status-publish","format-standard","has-post-thumbnail","hentry","category-morelia"],"_links":{"self":[{"href":"https:\/\/radiowebmx.com\/nota\/wp-json\/wp\/v2\/posts\/66704","targetHints":{"allow":["GET"]}}],"collection":[{"href":"https:\/\/radiowebmx.com\/nota\/wp-json\/wp\/v2\/posts"}],"about":[{"href":"https:\/\/radiowebmx.com\/nota\/wp-json\/wp\/v2\/types\/post"}],"author":[{"embeddable":true,"href":"https:\/\/radiowebmx.com\/nota\/wp-json\/wp\/v2\/users\/2"}],"replies":[{"embeddable":true,"href":"https:\/\/radiowebmx.com\/nota\/wp-json\/wp\/v2\/comments?post=66704"}],"version-history":[{"count":1,"href":"https:\/\/radiowebmx.com\/nota\/wp-json\/wp\/v2\/posts\/66704\/revisions"}],"predecessor-version":[{"id":66706,"href":"https:\/\/radiowebmx.com\/nota\/wp-json\/wp\/v2\/posts\/66704\/revisions\/66706"}],"wp:featuredmedia":[{"embeddable":true,"href":"https:\/\/radiowebmx.com\/nota\/wp-json\/wp\/v2\/media\/66705"}],"wp:attachment":[{"href":"https:\/\/radiowebmx.com\/nota\/wp-json\/wp\/v2\/media?parent=66704"}],"wp:term":[{"taxonomy":"category","embeddable":true,"href":"https:\/\/radiowebmx.com\/nota\/wp-json\/wp\/v2\/categories?post=66704"},{"taxonomy":"post_tag","embeddable":true,"href":"https:\/\/radiowebmx.com\/nota\/wp-json\/wp\/v2\/tags?post=66704"}],"curies":[{"name":"wp","href":"https:\/\/api.w.org\/{rel}","templated":true}]}}