{"id":66561,"date":"2019-08-18T23:50:49","date_gmt":"2019-08-19T04:50:49","guid":{"rendered":"https:\/\/radiowebmx.com\/nota\/?p=66561"},"modified":"2019-08-18T23:50:49","modified_gmt":"2019-08-19T04:50:49","slug":"morelia-celebra-los-180-anos-de-la-foto-en-el-andador-nigromante","status":"publish","type":"post","link":"https:\/\/radiowebmx.com\/nota\/morelia-celebra-los-180-anos-de-la-foto-en-el-andador-nigromante\/","title":{"rendered":"Morelia celebra los 180 a\u00f1os de la foto en el Andador Nigromante"},"content":{"rendered":"<p>En este 2019 se cumplen 180 a\u00f1os de la fotograf\u00eda, por ello, el Gobierno de Morelia a trav\u00e9s de la Secretar\u00eda de Cultura Municipal, en conjunto con el Colectivo &#8216;Foto 180 Morelia&#8217; el cual coordina Guillermo Wusterhaus, inauguraron la muestra &#8220;Diversa foto. A 180 a\u00f1os del daguerrotipo&#8221;.<\/p>\n<p>El Andador Nigromante se convierte en Un Gran Escenario este domingo 18 y lunes 19 de agosto al ser sede de esta exposici\u00f3n en la que participan diversos expertos de la lente como Elsa Escamilla, Xat\u00e9 Aguilar, Diana Guerra, Fabiola Villa, Francisco Javier M\u00e9ndez, Luis Alonso Hern\u00e1ndez, L\u00e1zaro Alejandr\u00e9 Guti\u00e9rrez, Eduardo Tinoco, Guillermo Wusterhaus, Ruber Dan C\u00e1zares y \u00c1lex Guerra, quienes muestran sus propuestas que van desde el fotoperiodismo hasta la fotograf\u00eda esc\u00e9nica.<\/p>\n<p>Durante la inauguraci\u00f3n, la secretaria de Cultura de Morelia, Cardiela Am\u00e9zcua Luna, se\u00f1al\u00f3: &#8220;El daguerrotipo es el abuelo de la fotograf\u00eda por as\u00ed decirlo. En Morelia hay un movimiento liderado por Guillermo Wusterhaus, gran fotoperiodista que organiz\u00f3 a varios de sus colegas para poder realizar esta muestra que posteriormente har\u00e1 una gira por las tenencias del Municipio&#8221;.<\/p>\n<p>La encargada de la pol\u00edtica cultural, explic\u00f3, las y los morelianos que visiten la exposici\u00f3n en pleno Centro Hist\u00f3rico podr\u00e1n ver el trabajo diverso de cada uno de las y los expositores que plasman su t\u00e9cnica en cada una de las m\u00e1s de 36 fotograf\u00edas.<\/p>\n<p>Am\u00e9zcua Luna adelant\u00f3, la gira por las Tenencias del Municipio se tiene planeada para el mes de septiembre, y el prop\u00f3sito claro es el mantener la relaci\u00f3n del desarrollo cultural comunitario que se ha generado en la actual administraci\u00f3n municipal por instrucciones del edil Ra\u00fal Mor\u00f3n Orozco.<\/p>\n<p>La clausura de la muestra, explic\u00f3 la titular de SeCultura, se realizar\u00e1 este lunes 19 de agosto a las 20:00 horas, e invit\u00f3 a que el mismo lunes a las 18:00 horas, la ciudadan\u00eda acuda al Archivo Hist\u00f3rico Municipal para la inauguraci\u00f3n de la segunda muestra fotogr\u00e1fica &#8220;Ausencias que evocan&#8221;, de Guadalupe Reyes, en el marco de los 180 a\u00f1os de la fotograf\u00eda.<\/p>\n","protected":false},"excerpt":{"rendered":"<p>En este 2019 se cumplen 180 a\u00f1os de la fotograf\u00eda, por ello, el Gobierno de Morelia a trav\u00e9s de la Secretar\u00eda de Cultura Municipal, en conjunto con el Colectivo &#8216;Foto 180 Morelia&#8217; el cual coordina Guillermo Wusterhaus, inauguraron la muestra &#8220;Diversa foto. A 180 a\u00f1os del daguerrotipo&#8221;. El Andador Nigromante se convierte en Un Gran [&hellip;]<\/p>\n","protected":false},"author":2,"featured_media":66562,"comment_status":"closed","ping_status":"closed","sticky":false,"template":"","format":"standard","meta":{"footnotes":""},"categories":[9],"tags":[],"class_list":["post-66561","post","type-post","status-publish","format-standard","has-post-thumbnail","hentry","category-morelia"],"_links":{"self":[{"href":"https:\/\/radiowebmx.com\/nota\/wp-json\/wp\/v2\/posts\/66561","targetHints":{"allow":["GET"]}}],"collection":[{"href":"https:\/\/radiowebmx.com\/nota\/wp-json\/wp\/v2\/posts"}],"about":[{"href":"https:\/\/radiowebmx.com\/nota\/wp-json\/wp\/v2\/types\/post"}],"author":[{"embeddable":true,"href":"https:\/\/radiowebmx.com\/nota\/wp-json\/wp\/v2\/users\/2"}],"replies":[{"embeddable":true,"href":"https:\/\/radiowebmx.com\/nota\/wp-json\/wp\/v2\/comments?post=66561"}],"version-history":[{"count":1,"href":"https:\/\/radiowebmx.com\/nota\/wp-json\/wp\/v2\/posts\/66561\/revisions"}],"predecessor-version":[{"id":66563,"href":"https:\/\/radiowebmx.com\/nota\/wp-json\/wp\/v2\/posts\/66561\/revisions\/66563"}],"wp:featuredmedia":[{"embeddable":true,"href":"https:\/\/radiowebmx.com\/nota\/wp-json\/wp\/v2\/media\/66562"}],"wp:attachment":[{"href":"https:\/\/radiowebmx.com\/nota\/wp-json\/wp\/v2\/media?parent=66561"}],"wp:term":[{"taxonomy":"category","embeddable":true,"href":"https:\/\/radiowebmx.com\/nota\/wp-json\/wp\/v2\/categories?post=66561"},{"taxonomy":"post_tag","embeddable":true,"href":"https:\/\/radiowebmx.com\/nota\/wp-json\/wp\/v2\/tags?post=66561"}],"curies":[{"name":"wp","href":"https:\/\/api.w.org\/{rel}","templated":true}]}}