{"id":66545,"date":"2019-08-18T23:39:28","date_gmt":"2019-08-19T04:39:28","guid":{"rendered":"https:\/\/radiowebmx.com\/nota\/?p=66545"},"modified":"2019-08-18T23:39:28","modified_gmt":"2019-08-19T04:39:28","slug":"morelia-celebrara-los-180-anos-de-la-fotografia-secultura","status":"publish","type":"post","link":"https:\/\/radiowebmx.com\/nota\/morelia-celebrara-los-180-anos-de-la-fotografia-secultura\/","title":{"rendered":"Morelia celebrar\u00e1 los 180 a\u00f1os de la fotograf\u00eda: SeCultura"},"content":{"rendered":"<p>Morelia conmemorar\u00e1 los 180 a\u00f1os de la fotograf\u00eda con dos muestras fotogr\u00e1ficas que ser\u00e1n inauguradas el 18 y 19 de agosto en el Andador Nigromante y en el Archivo Hist\u00f3rico Municipal, respectivamente.<\/p>\n<p>Lo anterior fue dado a conocer por la secretaria de Cultura de Morelia, Cardiela Am\u00e9zcua Luna, quien se\u00f1al\u00f3, &#8220;estamos en esta celebraci\u00f3n de los 180 a\u00f1os de la fotograf\u00eda, y en el caso de la muestra que estar\u00e1 en el Archivo Hist\u00f3rico Municipal, es todo un proceso que recupera trabajos, y en la que ubicaremos en el Andador Nigromante, conjunta a una serie de talentos que pertenecen al Colectivo &#8216;Foto 180 Morelia&#8217; el cual coordina Guillermo Wusterhaus, en esta \u00faltima veremos fotoperiodismo, fotograf\u00eda esc\u00e9nica, entre otras&#8221;.<\/p>\n<p>Fortaleciendo el desarrollo cultural comunitario y a Morelia como Un Gran Escenario, la encargada de la pol\u00edtica cultural en el Municipio record\u00f3, la fotograf\u00eda es una ventana al pasado, presente y al futuro, que permite mantener un proceso de identidad como morelianos.<\/p>\n<p>Guadalupe Reyes, autora de la muestra &#8220;Ausencias que evocan&#8221;, se\u00f1al\u00f3: &#8220;Esta expo de archivo conformada por 20 im\u00e1genes es una iniciativa propia pero con muchos c\u00f3mplices que son expertos en fotograf\u00eda. La sociedad la podr\u00e1 ver en el Archivo Hist\u00f3rico Municipal a partir del 19 de agosto al 19 de septiembre. Las im\u00e1genes son del archivo de la ciudad que a trav\u00e9s de un proceso de intervenci\u00f3n respetuoso con medios digitales, fue artesanal y con investigaci\u00f3n hist\u00f3rica, pues hay fotos del siglo 19&#8221;.<\/p>\n<p>Por su parte por Guillermo Wusterhaus, coment\u00f3: &#8220;En la muestra &#8216;Diversa foto. A 180 a\u00f1os del daguerrotipo&#8217; que estar\u00e1 en el Andador Nigromante el 18 y 19 de agosto \u00fanicamente, participan Elsa Escamilla, Xat\u00e9 Aguilar, Diana Guerra, Fabiola Villa, Francisco Javier M\u00e9ndez, Luis Alonso Hern\u00e1ndez, L\u00e1zaro Alejandr\u00e9 Guti\u00e9rrez, Eduardo Tinoco, Guillermo Wusterhaus, Ruber Dan C\u00e1zares y \u00c1lex Guerra&#8221;.<\/p>\n<p>Wusterhaus continu\u00f3: &#8220;Agradezco al Gobierno de Morelia, a SeCultura y a la maestra Cardiela Am\u00e9zcua Luna por este apoyo, y darnos espacios a los fot\u00f3grafos con grandes trayectorias como la maestra Elsa Escamilla y L\u00e1zaro Alejandr\u00e9 Guti\u00e9rrez, as\u00ed como a j\u00f3venes alumnos como Diana Guerra y Fabiola Villa. Invito a la ciudadan\u00eda a que nos acompa\u00f1en a estas exposiciones que se hacen por primera vez y de manera \u00fanica que nos han reunido a todos&#8221;.<\/p>\n<p>&nbsp;<\/p>\n<p>Permanencias<\/p>\n<p>&#8220;Ausencias que evocan&#8221;, de Guadalupe Reyes, ser\u00e1 inaugurada el 19 de agosto a las 18:00 horas en el Archivo Hist\u00f3rico Municipal y permanecer\u00e1 hasta el 19 de septiembre.<\/p>\n<p>&#8220;Diversa foto. A 180 a\u00f1os del daguerrotipo&#8221; del colectivo &#8216;Foto 180 Morelia&#8217; ser\u00e1 inaugurada el 18 de agosto a las 10:00 horas y permanecer\u00e1 hasta el 19 de agosto.<\/p>\n","protected":false},"excerpt":{"rendered":"<p>Morelia conmemorar\u00e1 los 180 a\u00f1os de la fotograf\u00eda con dos muestras fotogr\u00e1ficas que ser\u00e1n inauguradas el 18 y 19 de agosto en el Andador Nigromante y en el Archivo Hist\u00f3rico Municipal, respectivamente. Lo anterior fue dado a conocer por la secretaria de Cultura de Morelia, Cardiela Am\u00e9zcua Luna, quien se\u00f1al\u00f3, &#8220;estamos en esta celebraci\u00f3n de [&hellip;]<\/p>\n","protected":false},"author":2,"featured_media":66546,"comment_status":"closed","ping_status":"closed","sticky":false,"template":"","format":"standard","meta":{"footnotes":""},"categories":[9],"tags":[],"class_list":["post-66545","post","type-post","status-publish","format-standard","has-post-thumbnail","hentry","category-morelia"],"_links":{"self":[{"href":"https:\/\/radiowebmx.com\/nota\/wp-json\/wp\/v2\/posts\/66545","targetHints":{"allow":["GET"]}}],"collection":[{"href":"https:\/\/radiowebmx.com\/nota\/wp-json\/wp\/v2\/posts"}],"about":[{"href":"https:\/\/radiowebmx.com\/nota\/wp-json\/wp\/v2\/types\/post"}],"author":[{"embeddable":true,"href":"https:\/\/radiowebmx.com\/nota\/wp-json\/wp\/v2\/users\/2"}],"replies":[{"embeddable":true,"href":"https:\/\/radiowebmx.com\/nota\/wp-json\/wp\/v2\/comments?post=66545"}],"version-history":[{"count":1,"href":"https:\/\/radiowebmx.com\/nota\/wp-json\/wp\/v2\/posts\/66545\/revisions"}],"predecessor-version":[{"id":66547,"href":"https:\/\/radiowebmx.com\/nota\/wp-json\/wp\/v2\/posts\/66545\/revisions\/66547"}],"wp:featuredmedia":[{"embeddable":true,"href":"https:\/\/radiowebmx.com\/nota\/wp-json\/wp\/v2\/media\/66546"}],"wp:attachment":[{"href":"https:\/\/radiowebmx.com\/nota\/wp-json\/wp\/v2\/media?parent=66545"}],"wp:term":[{"taxonomy":"category","embeddable":true,"href":"https:\/\/radiowebmx.com\/nota\/wp-json\/wp\/v2\/categories?post=66545"},{"taxonomy":"post_tag","embeddable":true,"href":"https:\/\/radiowebmx.com\/nota\/wp-json\/wp\/v2\/tags?post=66545"}],"curies":[{"name":"wp","href":"https:\/\/api.w.org\/{rel}","templated":true}]}}