{"id":66533,"date":"2019-08-18T23:33:36","date_gmt":"2019-08-19T04:33:36","guid":{"rendered":"https:\/\/radiowebmx.com\/nota\/?p=66533"},"modified":"2019-08-18T23:33:36","modified_gmt":"2019-08-19T04:33:36","slug":"gobierno-de-morelia-promueve-adopcion-para-perritos-de-capula-y-caja-grande","status":"publish","type":"post","link":"https:\/\/radiowebmx.com\/nota\/gobierno-de-morelia-promueve-adopcion-para-perritos-de-capula-y-caja-grande\/","title":{"rendered":"Gobierno de Morelia promueve adopci\u00f3n para perritos de Capula y Caja Grande"},"content":{"rendered":"<p>Este fin de semana, el Gobierno de Morelia tiene preparado un festival en la que un grupo de perritos que fueron rescatados en la tenencia de Capula y el predio conocido como Caja Grande, estar\u00e1n a la espera de un hogar que les brinde las atenciones y cari\u00f1o que merecen.<\/p>\n<p>El Centro de Control Animal, dependiente de la Secretar\u00eda de Servicios P\u00fablicos, inform\u00f3 que este Primer Festival Cultural de Adopci\u00f3n y Bienestar Animal, se llevar\u00e1 a cabo el s\u00e1bado 17 de agosto en la Plaza del Perrito, ubicada en el Boulevard Garc\u00eda de Le\u00f3n, esquina con Mariano Arista.<\/p>\n<p>Dicha actividad, se realizar\u00e1 de las 12:00 a 16:00 horas, tiempo en el cual estar\u00e1n disponibles 15 perritos, tanto de Capula y Caja Grande, como los que est\u00e1n en resguardo por algunas organizaciones.<\/p>\n<p>De esta forma, el Ayuntamiento de Morelia que encabeza el edil, Ra\u00fal Mor\u00f3n Orozco, retir\u00f3 la invitaci\u00f3n a la ciudadan\u00eda a asistir a este espacio en el que podr\u00e1n recibir a un nuevo integrante de la familia.<\/p>\n<p>Asimismo, el Ayuntamiento de Morelia refrend\u00f3 su compromiso de trabajar en conjunto con organizaciones sociales, que laboran en la construcci\u00f3n de una ciudad en armon\u00eda con los animales.<\/p>\n","protected":false},"excerpt":{"rendered":"<p>Este fin de semana, el Gobierno de Morelia tiene preparado un festival en la que un grupo de perritos que fueron rescatados en la tenencia de Capula y el predio conocido como Caja Grande, estar\u00e1n a la espera de un hogar que les brinde las atenciones y cari\u00f1o que merecen. El Centro de Control Animal, [&hellip;]<\/p>\n","protected":false},"author":2,"featured_media":66534,"comment_status":"closed","ping_status":"closed","sticky":false,"template":"","format":"standard","meta":{"footnotes":""},"categories":[9],"tags":[],"class_list":["post-66533","post","type-post","status-publish","format-standard","has-post-thumbnail","hentry","category-morelia"],"_links":{"self":[{"href":"https:\/\/radiowebmx.com\/nota\/wp-json\/wp\/v2\/posts\/66533","targetHints":{"allow":["GET"]}}],"collection":[{"href":"https:\/\/radiowebmx.com\/nota\/wp-json\/wp\/v2\/posts"}],"about":[{"href":"https:\/\/radiowebmx.com\/nota\/wp-json\/wp\/v2\/types\/post"}],"author":[{"embeddable":true,"href":"https:\/\/radiowebmx.com\/nota\/wp-json\/wp\/v2\/users\/2"}],"replies":[{"embeddable":true,"href":"https:\/\/radiowebmx.com\/nota\/wp-json\/wp\/v2\/comments?post=66533"}],"version-history":[{"count":1,"href":"https:\/\/radiowebmx.com\/nota\/wp-json\/wp\/v2\/posts\/66533\/revisions"}],"predecessor-version":[{"id":66535,"href":"https:\/\/radiowebmx.com\/nota\/wp-json\/wp\/v2\/posts\/66533\/revisions\/66535"}],"wp:featuredmedia":[{"embeddable":true,"href":"https:\/\/radiowebmx.com\/nota\/wp-json\/wp\/v2\/media\/66534"}],"wp:attachment":[{"href":"https:\/\/radiowebmx.com\/nota\/wp-json\/wp\/v2\/media?parent=66533"}],"wp:term":[{"taxonomy":"category","embeddable":true,"href":"https:\/\/radiowebmx.com\/nota\/wp-json\/wp\/v2\/categories?post=66533"},{"taxonomy":"post_tag","embeddable":true,"href":"https:\/\/radiowebmx.com\/nota\/wp-json\/wp\/v2\/tags?post=66533"}],"curies":[{"name":"wp","href":"https:\/\/api.w.org\/{rel}","templated":true}]}}