{"id":6650,"date":"2014-04-05T12:41:35","date_gmt":"2014-04-05T18:41:35","guid":{"rendered":"https:\/\/radiowebmx.com\/nota\/?p=6650"},"modified":"2014-04-15T12:45:53","modified_gmt":"2014-04-15T17:45:53","slug":"poliforum-digital-se-viste-de-plumas-y-arte","status":"publish","type":"post","link":"https:\/\/radiowebmx.com\/nota\/poliforum-digital-se-viste-de-plumas-y-arte\/","title":{"rendered":"POLIF\u00d3RUM DIGITAL SE VISTE DE PLUMAS Y ARTE"},"content":{"rendered":"<div>\n<div id=\"c_base\">\n<div id=\"c_content\">\n<div id=\"pageContent\">\n<div id=\"pageInbox\">\n<div id=\"inboxControl0f\">\n<div data-link=\"class{:~tag.contentRightClass(Layout.IsFullView, Layout.ReadingPaneMode)}\">\n<div>\n<div id=\"inboxControl0fv-ReadMessageContainer\" tabindex=\"-1\">\n<div data-link=\"class{readMessageClass: ~tag.Show}\">\n<div>\n<div id=\"readMessagePartControl3039f\" data-link=\"class{:~tag.getHeaderCssClass(IsConversationPart, IsRead, IsDraft, IsTrustedSender, Items.length)}\">\n<div data-link=\"class{getClass:IsBodyExpanded}\">\n<div>\n<div id=\"bodyreadMessagePartBodyControl3044f\" data-link=\"class{:~tag.cssClasses(PlainText, IsContentFiltered)}\">\n<div dir=\"ltr\">\n<p>Como parte de las acciones que el Ayuntamiento de Morelia, encabezado por Wilfrido L\u00e1zaro Medina, realiza para la promoci\u00f3n de la cultura en beneficio de la poblaci\u00f3n que habita el norte de la ciudad, se realiz\u00f3 la inauguraci\u00f3n de la exposici\u00f3n \u201cIm\u00e1genes en Vuelo\u201d en el Polif\u00f3rum Digital Morelia.<\/p>\n<p>Expositores plumajeros del grupo \u201cNicola\u00edta\u201d presentaron un total de 150 obras elaboradas con la t\u00e9cnica del mosaico en plumaria con motivos diversos como representaciones prehisp\u00e1nicas, religiosas, bodeg\u00f3n, paisaje, fotograf\u00eda y joyer\u00eda, de las cuales 65 obras han sido premiadas en concursos locales, estatales y nacionales de arte popular, las cuales se encuentran expuestas en la sala galer\u00eda \u201cNicol\u00e1s de la Torre\u201d del Polif\u00f3rum Digital.<\/p>\n<p>La ceremonia\u00a0\u00a0fue engalanada con la presencia de los artistas pl\u00e1sticos Luis Palomares y el Mtro. Nicol\u00e1s de la Torre, de quien recibe su nombre la galer\u00eda del recinto tecnol\u00f3gico. Acudieron tambi\u00e9n la Mtra. Martha Leticia L\u00f3pez Luna, coordinadora del taller de arte plumario; el Lic. Jaime\u00a0Bravo Dector, director de Producci\u00f3n Art\u00edstica y Desarrollo Cultural en la Secretaria de Cultura del estado de Michoac\u00e1n; el Dr. Horacio Erik Avil\u00e9s Mart\u00ednez, director del Polif\u00f3rum Digital y el Lic. Jos\u00e9 Humberto Mart\u00ednez Morales, director de Cultura y Civismo del Ayuntamiento de Morelia.<\/p>\n<p>Familiares y amigos de los artistas, as\u00ed como vecinos del Polif\u00f3rum Digital y de otras locaciones del municipio y el estado acudieron a presenciar el corte de list\u00f3n y recorrer uno a uno los cuadros y vitrales expuestos en el recinto municipal.<\/p>\n<p>Los artistas participantes en esta exposici\u00f3n son:\u00a0Alma Alicia Arias D\u00edaz Barriga, Edith Zamudio Cerna, Emma Orozco Murillo, Emmanuel Von Arx, Guillermina Ch\u00e1vez \u00c1vila, Juana Flores Cisneros, Juana Graciela P\u00e9rez Albor, Ma. Del Rosario Ruiz Frausto, Ma. Magdalena Rodr\u00edguez Garc\u00eda, Martha Leticia L\u00f3pez Luna, Rafael Moreno Sosa, Rebeca Del Valle Gayt\u00e1n, Ruth Alejandra O\u00f1ate Rodr\u00edguez, Susana Contreras Rocha y Teresa Pedraza L\u00f3pez.<\/p>\n<p>Erik Avil\u00e9s se\u00f1al\u00f3 que al realizar exposiciones como esta se da cumplimiento al acuerdo de creaci\u00f3n del Polif\u00f3rum Digital y a la instrucci\u00f3n del presidente de Morelia Wilfrido L\u00e1zaro de promover la cultura y el arte. El funcionario municipal asegur\u00f3 que los espacios del Polif\u00f3rum est\u00e1n abiertos a la ciudadan\u00eda en general para la realizaci\u00f3n de obras, exposiciones, conciertos y todo tipo de expresiones art\u00edsticas, as\u00ed como elaboraci\u00f3n de proyectos de inversi\u00f3n y participaci\u00f3n en los cursos y talleres que se ofrecen de manera gratuita.<\/p>\n<p>La exposici\u00f3n \u201cIm\u00e1genes en Vuelo\u201d estar\u00e1 abierta al p\u00fablico del 4 al 25 de abril de 2014 en horario corrido de lunes a viernes de 9:00 de la ma\u00f1ana a 7:00 de la noche y s\u00e1bados de 9:00 a 3:00 de la tarde. Para mayor informaci\u00f3n se puede consultar la p\u00e1gina oficial\u00a0<a href=\"http:\/\/www.poliforumdigital.com.mx\/\" target=\"_blank\">www.poliforumdigital.com.mx<\/a>\u00a0y las redes sociales\u00a0<b>Polif\u00f3rum Digital Morelia<\/b>\u00a0en Facebook y\u00a0<b>@poliforumdm<\/b>\u00a0en twitter.<\/p>\n<\/div>\n<\/div>\n<\/div>\n<\/div>\n<\/div>\n<\/div>\n<\/div>\n<\/div>\n<\/div>\n<\/div>\n<\/div>\n<\/div>\n<\/div>\n<\/div>\n<\/div>\n<\/div>\n","protected":false},"excerpt":{"rendered":"<p>Como parte de las acciones que el Ayuntamiento de Morelia, encabezado por Wilfrido L\u00e1zaro Medina, realiza para la promoci\u00f3n de la cultura en beneficio de la poblaci\u00f3n que habita el norte de la ciudad, se realiz\u00f3 la inauguraci\u00f3n de la exposici\u00f3n \u201cIm\u00e1genes en Vuelo\u201d <\/p>\n","protected":false},"author":1,"featured_media":0,"comment_status":"open","ping_status":"open","sticky":false,"template":"","format":"standard","meta":{"footnotes":""},"categories":[9],"tags":[],"class_list":["post-6650","post","type-post","status-publish","format-standard","hentry","category-morelia"],"_links":{"self":[{"href":"https:\/\/radiowebmx.com\/nota\/wp-json\/wp\/v2\/posts\/6650","targetHints":{"allow":["GET"]}}],"collection":[{"href":"https:\/\/radiowebmx.com\/nota\/wp-json\/wp\/v2\/posts"}],"about":[{"href":"https:\/\/radiowebmx.com\/nota\/wp-json\/wp\/v2\/types\/post"}],"author":[{"embeddable":true,"href":"https:\/\/radiowebmx.com\/nota\/wp-json\/wp\/v2\/users\/1"}],"replies":[{"embeddable":true,"href":"https:\/\/radiowebmx.com\/nota\/wp-json\/wp\/v2\/comments?post=6650"}],"version-history":[{"count":3,"href":"https:\/\/radiowebmx.com\/nota\/wp-json\/wp\/v2\/posts\/6650\/revisions"}],"predecessor-version":[{"id":6658,"href":"https:\/\/radiowebmx.com\/nota\/wp-json\/wp\/v2\/posts\/6650\/revisions\/6658"}],"wp:attachment":[{"href":"https:\/\/radiowebmx.com\/nota\/wp-json\/wp\/v2\/media?parent=6650"}],"wp:term":[{"taxonomy":"category","embeddable":true,"href":"https:\/\/radiowebmx.com\/nota\/wp-json\/wp\/v2\/categories?post=6650"},{"taxonomy":"post_tag","embeddable":true,"href":"https:\/\/radiowebmx.com\/nota\/wp-json\/wp\/v2\/tags?post=6650"}],"curies":[{"name":"wp","href":"https:\/\/api.w.org\/{rel}","templated":true}]}}