{"id":6647,"date":"2014-04-04T11:49:18","date_gmt":"2014-04-04T17:49:18","guid":{"rendered":"https:\/\/radiowebmx.com\/nota\/?p=6647"},"modified":"2014-04-15T12:47:59","modified_gmt":"2014-04-15T17:47:59","slug":"cambiara-de-sede-el-xvii-congreso-internacional-de-filosofia-a-ceconexpo","status":"publish","type":"post","link":"https:\/\/radiowebmx.com\/nota\/cambiara-de-sede-el-xvii-congreso-internacional-de-filosofia-a-ceconexpo\/","title":{"rendered":"CAMBIAR\u00c1 DE SEDE EL XVII CONGRESO INTERNACIONAL DE FILOSOF\u00cdA A CECONEXPO"},"content":{"rendered":"<p>El Instituto de Investigaciones Filos\u00f3ficas \u201cLuis Villoro\u201d y la Facultad de Filosof\u00eda \u201cSamuel Ramos\u201d de la Universidad Michoacana de San Nicol\u00e1s de Hidalgo (UMSNH), anunciaron el cambio de sede para el Congreso de la Asociaci\u00f3n Filos\u00f3fica de M\u00e9xico, el cual albergar\u00eda la Casa de Hidalgo en el Centro de Informaci\u00f3n, Arte y Cultura (CIAC) del 7 al 11 de abril y que lamentablemente no podr\u00e1 realizarse en este recinto debido a la huelga que mantiene\u00a0el Sindicato de Profesores de la Universidad Michoacana (SPUM).<\/p>\n<p>&nbsp;<\/p>\n<p>La nueva sede para desarrollar el XVII Congreso Internacional de Filosof\u00eda \u201cFilosofar en M\u00e9xico en el siglo XXI. Adversidad y novedad de la \u00e9poca\u201d\u00a0ser\u00e1 el Centro de Convenciones y Exposiciones de Morelia (CECONEXPO), mientras que la inauguraci\u00f3n se llevar\u00e1 a cabo en el Teatro Morelos a las 9:00 horas del 7 de abril.<\/p>\n<p>&nbsp;<\/p>\n<p>&nbsp;<\/p>\n<p>Este importante evento albergar\u00e1 a\u00a0mil 200 ponentes, 60 conferencistas extranjeros de distintos pa\u00edses como Estados Unidos, Espa\u00f1a, Italia, Francia, Alemania, Holanda, Inglaterra, Dinamarca, Colombia, Argentina, Chile y Brasil, entre otros y al menos 500 estudiantes y profesores de distintas universidades nacionales.<\/p>\n<p>&nbsp;<\/p>\n<p>Asimismo, habr\u00e1 aproximadamente 150 universidades nacionales y extranjeras representadas en este Congreso que albergar\u00e1 50 coloquios con m\u00e1s de 30 mesas simult\u00e1neas sobre los temas importantes de la filosof\u00eda y del conocimiento, desde las disciplinas cl\u00e1sicas (metaf\u00edsica, epistemolog\u00eda, \u00e9tica, est\u00e9tica, filosof\u00eda de la ciencia, l\u00f3gica) hasta tem\u00e1ticas de inter\u00e9s de nuestra \u00e9poca (filosof\u00eda de la educaci\u00f3n, de la biolog\u00eda, de la matem\u00e1tica, de las ciencias sociales, filosof\u00eda del derecho, filosof\u00eda y g\u00e9nero, filosof\u00eda y literatura).<\/p>\n<p>&nbsp;<\/p>\n<p>Cabe recordar que la Asociaci\u00f3n Filos\u00f3fica de M\u00e9xico, est\u00e1 conformada por casi 600 socios y desde 1975 organiza cada dos a\u00f1os el Congreso de Filosof\u00eda, el evento m\u00e1s importante de dicha comunidad, cuyo prop\u00f3sito es mostrar los resultados de la investigaci\u00f3n filos\u00f3fica que se realiza en el pa\u00eds y promover el intercambio y el di\u00e1logo entre los miembros de nuestra comunidad y con algunas figuras relevantes de la filosof\u00eda mundial.<\/p>\n<p>&nbsp;<\/p>\n<p>Para mayor informaci\u00f3n se pueden consultar las siguientes p\u00e1ginas:\u00a0\u00a0<a href=\"http:\/\/afm2014.mx\/\" target=\"_blank\">http:\/\/afm2014.mx<\/a>\u00a0,\u00a0<a href=\"http:\/\/www.afm.org.mx\/\" target=\"_blank\">http:\/\/www.afm.org.mx\/<\/a>\u00a0\u00a0y<a href=\"http:\/\/filos.umich.mx\/\" target=\"_blank\">http:\/\/filos.umich.mx<\/a><\/p>\n<p>&nbsp;<\/p>\n","protected":false},"excerpt":{"rendered":"<p>El Instituto de Investigaciones Filos\u00f3ficas \u201cLuis Villoro\u201d y la Facultad de Filosof\u00eda \u201cSamuel Ramos\u201d de la Universidad Michoacana de San Nicol\u00e1s de Hidalgo (UMSNH), anunciaron el cambio de sede para el Congreso de la Asociaci\u00f3n Filos\u00f3fica de M\u00e9xico, <\/p>\n","protected":false},"author":1,"featured_media":0,"comment_status":"open","ping_status":"open","sticky":false,"template":"","format":"standard","meta":{"footnotes":""},"categories":[9],"tags":[],"class_list":["post-6647","post","type-post","status-publish","format-standard","hentry","category-morelia"],"_links":{"self":[{"href":"https:\/\/radiowebmx.com\/nota\/wp-json\/wp\/v2\/posts\/6647","targetHints":{"allow":["GET"]}}],"collection":[{"href":"https:\/\/radiowebmx.com\/nota\/wp-json\/wp\/v2\/posts"}],"about":[{"href":"https:\/\/radiowebmx.com\/nota\/wp-json\/wp\/v2\/types\/post"}],"author":[{"embeddable":true,"href":"https:\/\/radiowebmx.com\/nota\/wp-json\/wp\/v2\/users\/1"}],"replies":[{"embeddable":true,"href":"https:\/\/radiowebmx.com\/nota\/wp-json\/wp\/v2\/comments?post=6647"}],"version-history":[{"count":3,"href":"https:\/\/radiowebmx.com\/nota\/wp-json\/wp\/v2\/posts\/6647\/revisions"}],"predecessor-version":[{"id":6649,"href":"https:\/\/radiowebmx.com\/nota\/wp-json\/wp\/v2\/posts\/6647\/revisions\/6649"}],"wp:attachment":[{"href":"https:\/\/radiowebmx.com\/nota\/wp-json\/wp\/v2\/media?parent=6647"}],"wp:term":[{"taxonomy":"category","embeddable":true,"href":"https:\/\/radiowebmx.com\/nota\/wp-json\/wp\/v2\/categories?post=6647"},{"taxonomy":"post_tag","embeddable":true,"href":"https:\/\/radiowebmx.com\/nota\/wp-json\/wp\/v2\/tags?post=6647"}],"curies":[{"name":"wp","href":"https:\/\/api.w.org\/{rel}","templated":true}]}}