{"id":6645,"date":"2014-04-15T11:47:05","date_gmt":"2014-04-15T16:47:05","guid":{"rendered":"https:\/\/radiowebmx.com\/nota\/?p=6645"},"modified":"2014-04-15T11:47:05","modified_gmt":"2014-04-15T16:47:05","slug":"miguel-angel-garcia-velasquez-asume-titularidad-de-la-delegacion-de-cocotra-en-zamora","status":"publish","type":"post","link":"https:\/\/radiowebmx.com\/nota\/miguel-angel-garcia-velasquez-asume-titularidad-de-la-delegacion-de-cocotra-en-zamora\/","title":{"rendered":"MIGUEL \u00c1NGEL GARC\u00cdA VEL\u00c1SQUEZ, ASUME TITULARIDAD DE LA DELEGACI\u00d3N DE COCOTRA EN ZAMORA"},"content":{"rendered":"<p>Por instrucciones del titular del Poder Ejecutivo, Fausto Vallejo Figueroa, a partir de este d\u00eda asume la titularidad de la delegaci\u00f3n en Zamora de la Comisi\u00f3n Coordinadora del Transporte P\u00fablico de Michoac\u00e1n (Cocotra), Miguel \u00c1ngel Garc\u00eda Vel\u00e1squez, con el objetivo continuar fortaleciendo el trabajo que realiza la dependencia en beneficio de los michoacanos.<\/p>\n<p>En representaci\u00f3n del coordinador general de Cocotra, Ignacio Colina Quiroz, el delegado administrativo No\u00e9 Alcal\u00e1 Flores, dio posesi\u00f3n al nuevo funcionario a quien pidi\u00f3 trabajar para lograr mejorar cada d\u00eda el servicio de transporte p\u00fablico de la regi\u00f3n.<\/p>\n<p>\u201cHay que fortalecer el trabajo que se ven\u00eda haciendo en la delegaci\u00f3n, lo que nos permitir\u00e1 dar cumplimiento con los compromisos asumidos por el gobernador Fausto Vallejo y el titular de Cocotra\u201d, precis\u00f3 el funcionario.<\/p>\n<p>Ante el personal de la delegaci\u00f3n, Miguel \u00c1ngel Garc\u00eda, agradeci\u00f3 la confianza del gobernador y del titular del Cocotra, para hacerse cargo de la delegaci\u00f3n de Zamora, la cual cubre alrededor de 34 municipios.<\/p>\n<p>\u201cEs una gran responsabilidad asumir este cargo, venimos a reforzar el trabajo que se ven\u00eda haciendo en la delegaci\u00f3n, nuestro principal compromiso ser\u00e1 mejorar todos los d\u00edas el servicio de transporte p\u00fablico, tanto para los usuarios como para los concesionarios\u201d, destac\u00f3 Garc\u00eda Vel\u00e1squez.<\/p>\n<p>Miguel \u00c1ngel Garc\u00eda Vel\u00e1squez, quien se ven\u00eda desempe\u00f1ando como titular del \u00e1rea de archivo del transporte en Cocotra, sustituye en el cargo a Salvador Ruiz C\u00e1rdenas.<\/p>\n<p>&nbsp;<\/p>\n","protected":false},"excerpt":{"rendered":"<p>Por instrucciones del titular del Poder Ejecutivo, Fausto Vallejo Figueroa, a partir de este d\u00eda asume la titularidad de la delegaci\u00f3n en Zamora de la Comisi\u00f3n Coordinadora del Transporte P\u00fablico de Michoac\u00e1n (Cocotra),<\/p>\n","protected":false},"author":1,"featured_media":0,"comment_status":"open","ping_status":"open","sticky":false,"template":"","format":"standard","meta":{"footnotes":""},"categories":[3],"tags":[],"class_list":["post-6645","post","type-post","status-publish","format-standard","hentry","category-gobierno-del-estado-de-michoacan"],"_links":{"self":[{"href":"https:\/\/radiowebmx.com\/nota\/wp-json\/wp\/v2\/posts\/6645","targetHints":{"allow":["GET"]}}],"collection":[{"href":"https:\/\/radiowebmx.com\/nota\/wp-json\/wp\/v2\/posts"}],"about":[{"href":"https:\/\/radiowebmx.com\/nota\/wp-json\/wp\/v2\/types\/post"}],"author":[{"embeddable":true,"href":"https:\/\/radiowebmx.com\/nota\/wp-json\/wp\/v2\/users\/1"}],"replies":[{"embeddable":true,"href":"https:\/\/radiowebmx.com\/nota\/wp-json\/wp\/v2\/comments?post=6645"}],"version-history":[{"count":1,"href":"https:\/\/radiowebmx.com\/nota\/wp-json\/wp\/v2\/posts\/6645\/revisions"}],"predecessor-version":[{"id":6646,"href":"https:\/\/radiowebmx.com\/nota\/wp-json\/wp\/v2\/posts\/6645\/revisions\/6646"}],"wp:attachment":[{"href":"https:\/\/radiowebmx.com\/nota\/wp-json\/wp\/v2\/media?parent=6645"}],"wp:term":[{"taxonomy":"category","embeddable":true,"href":"https:\/\/radiowebmx.com\/nota\/wp-json\/wp\/v2\/categories?post=6645"},{"taxonomy":"post_tag","embeddable":true,"href":"https:\/\/radiowebmx.com\/nota\/wp-json\/wp\/v2\/tags?post=6645"}],"curies":[{"name":"wp","href":"https:\/\/api.w.org\/{rel}","templated":true}]}}