{"id":6623,"date":"2014-04-04T13:56:17","date_gmt":"2014-04-04T19:56:17","guid":{"rendered":"https:\/\/radiowebmx.com\/nota\/?p=6623"},"modified":"2014-04-14T14:36:36","modified_gmt":"2014-04-14T19:36:36","slug":"suman-voluntades-el-ayuntamiento-y-el-dif-morelia-contra-la-trata-de-personas","status":"publish","type":"post","link":"https:\/\/radiowebmx.com\/nota\/suman-voluntades-el-ayuntamiento-y-el-dif-morelia-contra-la-trata-de-personas\/","title":{"rendered":"SUMAN VOLUNTADES EL AYUNTAMIENTO Y EL DIF MORELIA  CONTRA LA TRATA DE PERSONAS"},"content":{"rendered":"<p><span style=\"font-size: medium;\"><span style=\"color: #000000;\">El\u00a0\u00a0gobierno municipal, encabezado por el profesor Wilfrido L\u00e1zaro Medina, y el Sistema DIF Morelia Suman Voluntades con organismos civiles e instituciones educativas como el Colegio Libertad, para combatir en el municipio la trata de personas, delito que en M\u00e9xico tienen alta presencia, afectando principalmente a las y los j\u00f3venes.<\/span><\/span><\/p>\n<p><span style=\"color: #000000; font-size: medium;\">\u00a0<\/span><\/p>\n<p><span style=\"font-size: medium;\"><span style=\"color: #000000;\">Con una serie de conferencias que alertan a las familias sobre los mecanismos bajos los cuales las v\u00edctimas son enganchadas por los delincuentes, el DIF Morelia encabezado por Margarita Oribio de L\u00e1zaro, en coordinaci\u00f3n con la Fundaci\u00f3n \u201cFin de la Esclavitud\u201d y el Colegio Libertad, invitaron a especialistas en el tema como la presidenta de la Comisi\u00f3n \u201cUnidos por la Trata\u201d, Rosi Orozco.<\/span><\/span><\/p>\n<p><span style=\"color: #000000; font-size: medium;\">\u00a0<\/span><\/p>\n<p><span style=\"font-size: medium;\"><span style=\"color: #000000;\">Al dar su mensaje de apertura del Encuentro \u201cRescate 204\u201d, la presidenta del DIF Morelia, Margarita Oribio de L\u00e1zaro, conden\u00f3 la trata de personas e hizo un llamado a la sociedad en general a Sumar Voluntades y hacer un frente com\u00fan para eliminar este delito en Morelia y en general en todo el pa\u00eds.<\/span><\/span><\/p>\n<p><span style=\"color: #000000; font-size: medium;\">\u00a0<\/span><\/p>\n<p><span style=\"font-size: medium;\"><span style=\"color: #000000;\">Con el apoyo de su esposo, el presidente municipal, inform\u00f3 que el DIF ha implementado programas y campa\u00f1as como \u201cVive a tu Familia\u201d en la que se fomenta la convivencia entre todos los integrantes de la misma para tener mayor comunicaci\u00f3n, apoyo y respaldo. De manera espec\u00edfica, indic\u00f3 que se trabaja con los padres de familia para brindarles mejores herramientas de acercamiento con sus hijos, orientaci\u00f3n para saber comunicarse con ellos y detectar cualquier alerta sobre riesgos sociales.<\/span><\/span><\/p>\n<p><span style=\"color: #000000; font-size: medium;\">\u00a0<\/span><\/p>\n<p><span style=\"font-size: medium;\"><span style=\"color: #000000;\">Asimismo, se respalda a la Fundaci\u00f3n Telet\u00f3n en el Programa \u201cCuenta Conmigo M\u00e9xico\u201d, que busca difundir y fortalecer los valores dentro de las familias.<\/span><\/span><\/p>\n<p><span style=\"color: #000000; font-size: medium;\">\u00a0<\/span><\/p>\n<p><span style=\"font-size: medium;\"><span style=\"color: #000000;\">La conferencista Rosi Orozco reconoci\u00f3 la voluntad pol\u00edtica que ha mostrado Michoac\u00e1n y las autoridades de Morelia para acabar con la esclavitud y la trata de personas en esta regi\u00f3n del pa\u00eds.<\/span><\/span><\/p>\n<p><span style=\"color: #000000; font-size: medium;\">\u00a0<\/span><\/p>\n<p><span style=\"font-size: medium;\"><span style=\"color: #000000;\">Apost\u00f3 porque los gobiernos protejan m\u00e1s a las v\u00edctimas de este delito, en tanto, urgi\u00f3 a los padres de familia a colocar candados en el servicio de Internet, ya que es la principal ventana por donde la delincuencia capta a mujeres y hombres j\u00f3venes para ejecutar la prostituci\u00f3n.<\/span><\/span><\/p>\n<p><span style=\"color: #000000; font-size: medium;\">\u00a0<\/span><\/p>\n<p><span style=\"font-size: medium;\"><span style=\"color: #000000;\">Expuso que actualmente los principales casos de trata corresponden a v\u00edctimas que hicieron amistad mediante las redes sociales, sin conocerlas, donde les ofrecieron grandes regalos, les pidieron mostrar fotograf\u00edas y los enga\u00f1aron con trucos.<\/span><\/span><\/p>\n<p><span style=\"color: #000000; font-size: medium;\">\u00a0<\/span><\/p>\n<p><span style=\"font-size: medium;\"><span style=\"color: #000000;\">Otra conferencia presentada fue \u201cNavega Seguro\u201d, impartida por Adolfo Hern\u00e1ndez, representante de Microsoft, tema con el cual se ofrecieron recomendaciones para utilizar el internet y las redes sociales de manera m\u00e1s segura.<\/span><\/span><\/p>\n","protected":false},"excerpt":{"rendered":"<p>El  gobierno municipal, encabezado por el profesor Wilfrido L\u00e1zaro Medina, y el Sistema DIF Morelia Suman Voluntades con organismos civiles e instituciones educativas como el Colegio Libertad,<\/p>\n","protected":false},"author":1,"featured_media":0,"comment_status":"open","ping_status":"open","sticky":false,"template":"","format":"standard","meta":{"footnotes":""},"categories":[1],"tags":[],"class_list":["post-6623","post","type-post","status-publish","format-standard","hentry","category-sin-categoria"],"_links":{"self":[{"href":"https:\/\/radiowebmx.com\/nota\/wp-json\/wp\/v2\/posts\/6623","targetHints":{"allow":["GET"]}}],"collection":[{"href":"https:\/\/radiowebmx.com\/nota\/wp-json\/wp\/v2\/posts"}],"about":[{"href":"https:\/\/radiowebmx.com\/nota\/wp-json\/wp\/v2\/types\/post"}],"author":[{"embeddable":true,"href":"https:\/\/radiowebmx.com\/nota\/wp-json\/wp\/v2\/users\/1"}],"replies":[{"embeddable":true,"href":"https:\/\/radiowebmx.com\/nota\/wp-json\/wp\/v2\/comments?post=6623"}],"version-history":[{"count":1,"href":"https:\/\/radiowebmx.com\/nota\/wp-json\/wp\/v2\/posts\/6623\/revisions"}],"predecessor-version":[{"id":6625,"href":"https:\/\/radiowebmx.com\/nota\/wp-json\/wp\/v2\/posts\/6623\/revisions\/6625"}],"wp:attachment":[{"href":"https:\/\/radiowebmx.com\/nota\/wp-json\/wp\/v2\/media?parent=6623"}],"wp:term":[{"taxonomy":"category","embeddable":true,"href":"https:\/\/radiowebmx.com\/nota\/wp-json\/wp\/v2\/categories?post=6623"},{"taxonomy":"post_tag","embeddable":true,"href":"https:\/\/radiowebmx.com\/nota\/wp-json\/wp\/v2\/tags?post=6623"}],"curies":[{"name":"wp","href":"https:\/\/api.w.org\/{rel}","templated":true}]}}