{"id":6616,"date":"2014-04-14T11:25:08","date_gmt":"2014-04-14T16:25:08","guid":{"rendered":"https:\/\/radiowebmx.com\/nota\/?p=6616"},"modified":"2014-04-14T11:25:08","modified_gmt":"2014-04-14T16:25:08","slug":"el-programa-radiofonico-la-toronja-cumple-25-anos-al-aire","status":"publish","type":"post","link":"https:\/\/radiowebmx.com\/nota\/el-programa-radiofonico-la-toronja-cumple-25-anos-al-aire\/","title":{"rendered":"EL PROGRAMA  RADIOF\u00d3NICO \u201cLA TORONJA\u201d CUMPLE 25 A\u00d1OS AL AIRE"},"content":{"rendered":"<p>El programa radiof\u00f3nico \u201cLa Toronja\u201d del Sistema Michoacano de Radio y Televisi\u00f3n (SMRyTV) cumpli\u00f3 25 a\u00f1os al aire este fin de semana.<\/p>\n<p>La emisi\u00f3n encabezada y conducida por Primitivo Sandoval Guzm\u00e1n, es transmitida ininterrumpidamente todos los fines de semana en punto de las 8:00 horas, llevando entretenimiento e informaci\u00f3n de inter\u00e9s a todos los radioescuchas.<\/p>\n<p>El director general del SMRyTV, Christi\u00e1n Guti\u00e9rrez Alonso, asisti\u00f3 a la emisi\u00f3n en la que se hizo el festejo del aniversario n\u00famero 25, para reconocer la labor de Sandoval Guzm\u00e1n, \u201cquien siempre se ha preocupado por transmitir informaci\u00f3n con contenidos de inter\u00e9s y reflexi\u00f3n\u201d, dijo.<\/p>\n<p>El programa destaca por el optimismo y alegr\u00eda que contagia Primitivo Sandoval Guzm\u00e1n al presenta sus secciones como el santoral, las efem\u00e9rides, la reflexi\u00f3n, y la entrevista; todo ello, con un toque humor\u00edstico que ameniza las ma\u00f1anas.<\/p>\n<p>Tras la emisi\u00f3n de aniversario, el equipo de producci\u00f3n y familiares del conductor asistieron a un desayuno para conmemorar tan representativa fecha, a donde acudi\u00f3 tambi\u00e9n, por parte de la Secretar\u00eda de Salud en el Estado, Julio Nocetti Tiznado, as\u00ed como el subdirector de Radio del Sistema Michoacano, Mario Hern\u00e1ndez.<\/p>\n<p>En el evento, los presentes agradecieron a Primitivo Sandoval su entusiasmo y su inter\u00e9s por llevar tem\u00e1ticas actuales que han ayudado a los radioescuchas para cambiar la perspectiva que se tiene de las problem\u00e1ticas sociales.<\/p>\n<p>Finalmente, se entreg\u00f3 un reconocimiento a la labor del conductor, mismo que marca un cap\u00edtulo importante para el Sistema Michoacano, al contar con programaciones que han permanecido vigentes y en el gusto del p\u00fablico, dentro del marco del XXX Aniversario del medio de comunicaci\u00f3n estatal.<\/p>\n","protected":false},"excerpt":{"rendered":"<p>El programa radiof\u00f3nico \u201cLa Toronja\u201d del Sistema Michoacano de Radio y Televisi\u00f3n (SMRyTV) cumpli\u00f3 25 a\u00f1os al aire este fin de semana.<\/p>\n","protected":false},"author":1,"featured_media":0,"comment_status":"open","ping_status":"open","sticky":false,"template":"","format":"standard","meta":{"footnotes":""},"categories":[3],"tags":[],"class_list":["post-6616","post","type-post","status-publish","format-standard","hentry","category-gobierno-del-estado-de-michoacan"],"_links":{"self":[{"href":"https:\/\/radiowebmx.com\/nota\/wp-json\/wp\/v2\/posts\/6616","targetHints":{"allow":["GET"]}}],"collection":[{"href":"https:\/\/radiowebmx.com\/nota\/wp-json\/wp\/v2\/posts"}],"about":[{"href":"https:\/\/radiowebmx.com\/nota\/wp-json\/wp\/v2\/types\/post"}],"author":[{"embeddable":true,"href":"https:\/\/radiowebmx.com\/nota\/wp-json\/wp\/v2\/users\/1"}],"replies":[{"embeddable":true,"href":"https:\/\/radiowebmx.com\/nota\/wp-json\/wp\/v2\/comments?post=6616"}],"version-history":[{"count":2,"href":"https:\/\/radiowebmx.com\/nota\/wp-json\/wp\/v2\/posts\/6616\/revisions"}],"predecessor-version":[{"id":6618,"href":"https:\/\/radiowebmx.com\/nota\/wp-json\/wp\/v2\/posts\/6616\/revisions\/6618"}],"wp:attachment":[{"href":"https:\/\/radiowebmx.com\/nota\/wp-json\/wp\/v2\/media?parent=6616"}],"wp:term":[{"taxonomy":"category","embeddable":true,"href":"https:\/\/radiowebmx.com\/nota\/wp-json\/wp\/v2\/categories?post=6616"},{"taxonomy":"post_tag","embeddable":true,"href":"https:\/\/radiowebmx.com\/nota\/wp-json\/wp\/v2\/tags?post=6616"}],"curies":[{"name":"wp","href":"https:\/\/api.w.org\/{rel}","templated":true}]}}