{"id":66111,"date":"2019-08-01T13:16:01","date_gmt":"2019-08-01T18:16:01","guid":{"rendered":"https:\/\/radiowebmx.com\/nota\/?p=66111"},"modified":"2019-08-01T13:16:01","modified_gmt":"2019-08-01T18:16:01","slug":"alista-partido-verde-plan-de-trabajo-con-miras-al-2021","status":"publish","type":"post","link":"https:\/\/radiowebmx.com\/nota\/alista-partido-verde-plan-de-trabajo-con-miras-al-2021\/","title":{"rendered":"Alista Partido Verde plan de trabajo con miras al 2021"},"content":{"rendered":"<p>Por instrucci\u00f3n del dirigente en Michoac\u00e1n del Partido Verde Ecologista de M\u00e9xico, Ernesto N\u00fa\u00f1ez Aguilar, la Secretar\u00eda de Organizaci\u00f3n del Comit\u00e9 Estatal se encuentra en el an\u00e1lisis y preparaci\u00f3n del plan de trabajo que habr\u00e1 de implementarse en los pr\u00f3ximos meses con el objetivo de sumar a las filas de esta instituci\u00f3n pol\u00edtica a los mejores perfiles acad\u00e9micos, l\u00edderes sociales y empresarios para el fortalecimiento del PVEM, con miras del 2021.<\/p>\n<p>El secretario de Organizaci\u00f3n del Partido Verde en Michoac\u00e1n, Fernando Chagolla Cort\u00e9s, inform\u00f3 est\u00e1n en el proceso de formulaci\u00f3n del plan de acci\u00f3n que genere una cercan\u00eda real y sentida con la ciudadan\u00eda, trabajando al momento en el programa nacional de afiliaci\u00f3n, con el cual se establecen esos v\u00ednculos con las y los michoacanos.<\/p>\n<p>\u201cEstamos en busca de la participaci\u00f3n ciudadana en la vida p\u00fablica, a trav\u00e9s de actividades que fomenten una cultura en el cuidado al medio ambiente, a los animales y de nuestros recursos naturales, para as\u00ed crear una sociedad sostenible\u201d, subray\u00f3.<\/p>\n<p>Chagolla Cort\u00e9s afirm\u00f3 que la organizaci\u00f3n dentro de cualquier \u00e1mbito social es la base del crecimiento y desarrollo, por ello, con una adecuada planeaci\u00f3n, el Partido Verde en Michoac\u00e1n pretende conocer el sentir social y cultural para presentar a los ciudadanos propuestas de trabajo claras, vinculantes y afines a cada regi\u00f3n de la entidad.<\/p>\n<p>\u201cImplementaremos un equipo base de trabajo, encabezado por las ocho secretar\u00edas y 12 delegaciones, una por cada distrito federal electoral, para lo cual, se crear\u00e1n y fortalecer\u00e1n coordinaciones municipales del Partido Verde en Michoac\u00e1n en 112 municipios, a trav\u00e9s del trabajo ordenado de las secretar\u00edas que integran la coordinaci\u00f3n estatal y los mismos delegados\u201d, adelant\u00f3.<\/p>\n<p>El secretario de Organizaci\u00f3n del Comit\u00e9 Ejecutivo Estatal refrend\u00f3 que, para esta temporada, el programa de afiliaci\u00f3n tiene una meta de sumar a m\u00e1s de 50 mil personas al Partido Verde tan s\u00f3lo en Michoac\u00e1n, a trav\u00e9s de las diversas actividades, iniciativas y eventos organizadas por miembros de la coordinaciones estatal y municipal.<\/p>\n","protected":false},"excerpt":{"rendered":"<p>Por instrucci\u00f3n del dirigente en Michoac\u00e1n del Partido Verde Ecologista de M\u00e9xico, Ernesto N\u00fa\u00f1ez Aguilar, la Secretar\u00eda de Organizaci\u00f3n del Comit\u00e9 Estatal se encuentra en el an\u00e1lisis y preparaci\u00f3n del plan de trabajo que habr\u00e1 de implementarse en los pr\u00f3ximos meses con el objetivo de sumar a las filas de esta instituci\u00f3n pol\u00edtica a los [&hellip;]<\/p>\n","protected":false},"author":2,"featured_media":66112,"comment_status":"closed","ping_status":"closed","sticky":false,"template":"","format":"standard","meta":{"footnotes":""},"categories":[11],"tags":[],"class_list":["post-66111","post","type-post","status-publish","format-standard","has-post-thumbnail","hentry","category-partidos-politicos"],"_links":{"self":[{"href":"https:\/\/radiowebmx.com\/nota\/wp-json\/wp\/v2\/posts\/66111","targetHints":{"allow":["GET"]}}],"collection":[{"href":"https:\/\/radiowebmx.com\/nota\/wp-json\/wp\/v2\/posts"}],"about":[{"href":"https:\/\/radiowebmx.com\/nota\/wp-json\/wp\/v2\/types\/post"}],"author":[{"embeddable":true,"href":"https:\/\/radiowebmx.com\/nota\/wp-json\/wp\/v2\/users\/2"}],"replies":[{"embeddable":true,"href":"https:\/\/radiowebmx.com\/nota\/wp-json\/wp\/v2\/comments?post=66111"}],"version-history":[{"count":1,"href":"https:\/\/radiowebmx.com\/nota\/wp-json\/wp\/v2\/posts\/66111\/revisions"}],"predecessor-version":[{"id":66113,"href":"https:\/\/radiowebmx.com\/nota\/wp-json\/wp\/v2\/posts\/66111\/revisions\/66113"}],"wp:featuredmedia":[{"embeddable":true,"href":"https:\/\/radiowebmx.com\/nota\/wp-json\/wp\/v2\/media\/66112"}],"wp:attachment":[{"href":"https:\/\/radiowebmx.com\/nota\/wp-json\/wp\/v2\/media?parent=66111"}],"wp:term":[{"taxonomy":"category","embeddable":true,"href":"https:\/\/radiowebmx.com\/nota\/wp-json\/wp\/v2\/categories?post=66111"},{"taxonomy":"post_tag","embeddable":true,"href":"https:\/\/radiowebmx.com\/nota\/wp-json\/wp\/v2\/tags?post=66111"}],"curies":[{"name":"wp","href":"https:\/\/api.w.org\/{rel}","templated":true}]}}