{"id":6611,"date":"2014-04-14T11:16:20","date_gmt":"2014-04-14T16:16:20","guid":{"rendered":"https:\/\/radiowebmx.com\/nota\/?p=6611"},"modified":"2014-04-14T11:16:20","modified_gmt":"2014-04-14T16:16:20","slug":"en-marcha-el-torneo-200-mil-estudiantes-por-mexico","status":"publish","type":"post","link":"https:\/\/radiowebmx.com\/nota\/en-marcha-el-torneo-200-mil-estudiantes-por-mexico\/","title":{"rendered":"EN MARCHA EL TORNEO 200 MIL ESTUDIANTES POR M\u00c9XICO"},"content":{"rendered":"<p>el Gobierno de Michoac\u00e1n ha estado y seguir\u00e1 presente con acciones precisas para regresar la sana convivencia social, afirm\u00f3 el secretario de los J\u00f3venes, Francisco Xavier Lara Medina, tras poner en marcha la etapa Municipal en Michoac\u00e1n, del Torneo \u201c200 mil Estudiantes por M\u00e9xico Jugando Basquetbol\u201d en lo correspondiente a los ayuntamientos de Apatzing\u00e1n, Aguililla, Buenavista, Par\u00e1cuaro y M\u00fagica, con la participaci\u00f3n de 2 mil jugadores de Primaria, Secundaria, y Nivel Medio Superior.<\/p>\n<p>En el auditorio de la unidad deportiva \u201cAdolfo L\u00f3pez Mateos\u201d del municipio de Apatzing\u00e1n, Lara Medina realiz\u00f3 el juramento de la competici\u00f3n y el arranque del torneo, al tiempo que pidi\u00f3 a los participantes den ejemplo en la cancha de las cosas buenas que a diario pasan en nuestra entidad.<\/p>\n<p>M\u00e1s adelante, hizo un llamado a los j\u00f3venes para que dejen todo en la cancha, pues &#8220;habr\u00e1 visores y entrenadores que conformar\u00e1n las selecciones municipales, mismos que viajar\u00e1n a las etapas Estatal y Nacional&#8221;, afirm\u00f3.<\/p>\n<p>En su intervenci\u00f3n, el delgado estatal de la Secretar\u00eda de Desarrollo Agrario, Territorial y Urbano (SEDATU), Arturo Meneses D\u00edaz, destac\u00f3 la importante inversi\u00f3n que el Gobierno Federal hace en los j\u00f3venes, y no\u00a0 tanto por el monto, \u201csino por el impacto que acciones como este torneo, tienen en las generaciones m\u00e1s j\u00f3venes\u201d; adem\u00e1s de dotarles uniformes y balones; algunas competencias se desarrollar\u00e1n en espacios rehabilitados por el programa &#8220;Rescate de Espacios P\u00fablicos&#8221;.<\/p>\n<p>&#8220;Ustedes ven las acciones del Gobierno Federal no s\u00f3lo en la Seguridad P\u00fablica, sino tambi\u00e9n en el desarrollo social. Este torneo, por ejemplo, ayudar\u00e1 a m\u00e1s de 6 mil 500 j\u00f3venes, a encontrar en el deporte una motivaci\u00f3n y un camino que los aleje de las manos de la delincuencia organizada&#8221;, se\u00f1al\u00f3.<\/p>\n<p>Por su parte, el presiente municipal de Apatzing\u00e1n, Uriel Ch\u00e1vez Mendoza, agradeci\u00f3 el apoyo de autoridades federales y estatales, acciones que fomentan la composici\u00f3n del tejido social de la regi\u00f3n de Tierra Caliente, &#8220;ahora es tiempo de que nosotros, los habitantes de Tierra Caliente, demostremos que nos gusta el deporte y somos buenos anfitriones&#8221;, asever\u00f3.<\/p>\n<p>Durante su mensaje, el director general de este Torneo y cronista deportivo, Enrique Garay Padilla, ejemplific\u00f3 la importancia de trabajar en equipo al observar el pres\u00eddium, donde est\u00e1n representados los 3\u00a0 \u00f3rdenes de Gobierno, y con cuyo apoyo se hizo realidad este evento. &#8220;Este valor lo aprender\u00e1n durante el torneo, porque ustedes son la materia prima de cualquier iniciativa&#8221;.<\/p>\n<p>Adem\u00e1s, reconoci\u00f3 el liderazgo de los presidentes municipales, del secretario de los J\u00f3venes y del titular de la SEDATU, Jorge Carlos Ram\u00edrez Mar\u00edn, principal impulsor de esta iniciativa, pero principalmente de los jugadores que aceptaron el reto de participar en esta actividad.<\/p>\n<p>El cronista deportivo llam\u00f3 a los asistentes a so\u00f1ar y a luchar por esos sue\u00f1os. A pretexto de esto, cont\u00f3 la historia del chihuahuense Jorge Guti\u00e9rrez, quien a los 14 a\u00f1os cruz\u00f3 la frontera de Estados Unidos y hoy es el cuarto mexicano que milita en un equipo NBA, &#8220;alguno de ustedes puede seguir sus pasos a partir de este momento&#8221;, afirm\u00f3.<\/p>\n<p>A la inauguraci\u00f3n tambi\u00e9n asistieron la directora de Participaci\u00f3n Ciudadana para la Prevenci\u00f3n del Delito, Gail Aguilar Casta\u00f1eda y la presidenta municipal de Par\u00e1cuaro, Lucila Barajas V\u00e1zquez.<\/p>\n","protected":false},"excerpt":{"rendered":"<p>el Gobierno de Michoac\u00e1n ha estado y seguir\u00e1 presente con acciones precisas para regresar la sana convivencia social, afirm\u00f3 el secretario de los J\u00f3venes, Francisco Xavier Lara Medina, tras poner en marcha la etapa Municipal en Michoac\u00e1n, del Torneo \u201c200 mil Estudiantes por M\u00e9xico Jugando Basquetbol\u201d<\/p>\n","protected":false},"author":1,"featured_media":0,"comment_status":"open","ping_status":"open","sticky":false,"template":"","format":"standard","meta":{"footnotes":""},"categories":[3],"tags":[],"class_list":["post-6611","post","type-post","status-publish","format-standard","hentry","category-gobierno-del-estado-de-michoacan"],"_links":{"self":[{"href":"https:\/\/radiowebmx.com\/nota\/wp-json\/wp\/v2\/posts\/6611","targetHints":{"allow":["GET"]}}],"collection":[{"href":"https:\/\/radiowebmx.com\/nota\/wp-json\/wp\/v2\/posts"}],"about":[{"href":"https:\/\/radiowebmx.com\/nota\/wp-json\/wp\/v2\/types\/post"}],"author":[{"embeddable":true,"href":"https:\/\/radiowebmx.com\/nota\/wp-json\/wp\/v2\/users\/1"}],"replies":[{"embeddable":true,"href":"https:\/\/radiowebmx.com\/nota\/wp-json\/wp\/v2\/comments?post=6611"}],"version-history":[{"count":2,"href":"https:\/\/radiowebmx.com\/nota\/wp-json\/wp\/v2\/posts\/6611\/revisions"}],"predecessor-version":[{"id":6613,"href":"https:\/\/radiowebmx.com\/nota\/wp-json\/wp\/v2\/posts\/6611\/revisions\/6613"}],"wp:attachment":[{"href":"https:\/\/radiowebmx.com\/nota\/wp-json\/wp\/v2\/media?parent=6611"}],"wp:term":[{"taxonomy":"category","embeddable":true,"href":"https:\/\/radiowebmx.com\/nota\/wp-json\/wp\/v2\/categories?post=6611"},{"taxonomy":"post_tag","embeddable":true,"href":"https:\/\/radiowebmx.com\/nota\/wp-json\/wp\/v2\/tags?post=6611"}],"curies":[{"name":"wp","href":"https:\/\/api.w.org\/{rel}","templated":true}]}}