{"id":66016,"date":"2019-07-30T18:45:29","date_gmt":"2019-07-30T23:45:29","guid":{"rendered":"https:\/\/radiowebmx.com\/nota\/?p=66016"},"modified":"2019-07-30T18:45:29","modified_gmt":"2019-07-30T23:45:29","slug":"respaldan-diputados-del-prd-designacion-de-israel-patron-como-titular-de-la-ssp","status":"publish","type":"post","link":"https:\/\/radiowebmx.com\/nota\/respaldan-diputados-del-prd-designacion-de-israel-patron-como-titular-de-la-ssp\/","title":{"rendered":"Respaldan diputados del PRD designaci\u00f3n de Israel Patr\u00f3n como titular de la SSP"},"content":{"rendered":"<ul>\n<li>Consolidar la estrategia integral de seguridad que brinde resultados efectivos a corto plazo, el reto<\/li>\n<\/ul>\n<div>\n<\/div>\n<div>Tras manifestar su respaldo y confianza en la designaci\u00f3n del nuevo titular de la Secretar\u00eda de Seguridad P\u00fablica, Israel Patr\u00f3n Reyes, la y los diputados integrantes del Grupo Parlamentario del Partido de la Revoluci\u00f3n Democr\u00e1tica (PRD), en la LXXIV Legislatura del Congreso del Estado, resaltaron que el reto es fortalecer las tareas de prevenci\u00f3n y combate al delito, para garantizar la seguridad y bienestar de las y los michoacanos.<\/p>\n<p>Los legisladores, Araceli Saucedo Reyes, Octavio Ocampo C\u00f3rdova, Norberto Antonio Mart\u00ednez Soto y Antonio Soto S\u00e1nchez, se pronunciaron por la continuidad de las acciones que en materia de seguridad se impulsan en Michoac\u00e1n y han dado resultados positivos.<\/p>\n<p>Coincidieron en que se debe realizar un diagn\u00f3stico constante para conocer las \u00e1reas que requieren su fortalecimiento, con el objetivo de no bajar la guardia y no escatimar esfuerzos en las tareas encaminadas a dar estabilidad y garantizar la paz.<\/p>\n<p>Hicieron menci\u00f3n sobre que se debe priorizar una estrategia integral, que atienda las causas y los factores estructurales que generan la violencia e inseguridad, contemplando, como lo ha hecho esta Administraci\u00f3n Estatal, medidas de corto, mediano y largo plazo.<\/p>\n<p>En ese sentido, la y los diputados manifestaron su respaldo a la designaci\u00f3n que hizo este d\u00eda el Gobernador, Silvano Aureoles Conejo, con lo que se refrenda que en Michoac\u00e1n la seguridad es una prioridad.<\/p>\n<p>Coincidieron que el objetivo es la estabilidad y la paz que perdure, para lo que se necesita no bajar la guardia en las acciones y trabajos que se han impulsado en los \u00faltimos a\u00f1os, reforzando todas aquellas \u00e1reas que se requieran para garantizar resultados efectivos a las y los ciudadanos.<\/p>\n<p>Convocaron a Israel Patr\u00f3n, quien cuenta con 20 a\u00f1os de experiencia en el servicio p\u00fablico, en procuraci\u00f3n de justicia y seguridad p\u00fablica, a no escatimar esfuerzos para fortalecer la seguridad y combatir el delito, manteniendo estrecha coordinaci\u00f3n con las instituciones y diversos niveles de gobierno.<\/p>\n<p>As\u00ed tambi\u00e9n, reconocieron las acciones que en Michoac\u00e1n \u2013 en este gobierno estatal \u2013 se han emprendido, con el objetivo de que la Polic\u00eda Michoac\u00e1n sea la mejor polic\u00eda de M\u00e9xico; la m\u00e1s equipada, la m\u00e1s capacitada y la m\u00e1s profesional.<\/p>\n<p>Destacaron el compromiso de Michoac\u00e1n, para colaborar en una sola estrategia para facilitar y construir los lazos necesarios que fomenten la confianza en las autoridades, elemento b\u00e1sico para la reconstrucci\u00f3n del tejido social, en el combate a la inseguridad.<\/p>\n<p>Finalmente, confiaron en que \u2013 a corto plazo \u2013 el nuevo titular dar\u00e1 resultados, ya que cuenta con la experiencia y compromiso con Michoac\u00e1n y los ciudadanos; y adelantaron que buscar\u00e1n un encuentro con Israel Patr\u00f3n para conocer las estrategias proyectadas en dicha \u00e1rea.<\/p><\/div>\n","protected":false},"excerpt":{"rendered":"<p>Consolidar la estrategia integral de seguridad que brinde resultados efectivos a corto plazo, el reto Tras manifestar su respaldo y confianza en la designaci\u00f3n del nuevo titular de la Secretar\u00eda de Seguridad P\u00fablica, Israel Patr\u00f3n Reyes, la y los diputados integrantes del Grupo Parlamentario del Partido de la Revoluci\u00f3n Democr\u00e1tica (PRD), en la LXXIV Legislatura [&hellip;]<\/p>\n","protected":false},"author":2,"featured_media":66017,"comment_status":"closed","ping_status":"closed","sticky":false,"template":"","format":"standard","meta":{"footnotes":""},"categories":[11],"tags":[],"class_list":["post-66016","post","type-post","status-publish","format-standard","has-post-thumbnail","hentry","category-partidos-politicos"],"_links":{"self":[{"href":"https:\/\/radiowebmx.com\/nota\/wp-json\/wp\/v2\/posts\/66016","targetHints":{"allow":["GET"]}}],"collection":[{"href":"https:\/\/radiowebmx.com\/nota\/wp-json\/wp\/v2\/posts"}],"about":[{"href":"https:\/\/radiowebmx.com\/nota\/wp-json\/wp\/v2\/types\/post"}],"author":[{"embeddable":true,"href":"https:\/\/radiowebmx.com\/nota\/wp-json\/wp\/v2\/users\/2"}],"replies":[{"embeddable":true,"href":"https:\/\/radiowebmx.com\/nota\/wp-json\/wp\/v2\/comments?post=66016"}],"version-history":[{"count":1,"href":"https:\/\/radiowebmx.com\/nota\/wp-json\/wp\/v2\/posts\/66016\/revisions"}],"predecessor-version":[{"id":66018,"href":"https:\/\/radiowebmx.com\/nota\/wp-json\/wp\/v2\/posts\/66016\/revisions\/66018"}],"wp:featuredmedia":[{"embeddable":true,"href":"https:\/\/radiowebmx.com\/nota\/wp-json\/wp\/v2\/media\/66017"}],"wp:attachment":[{"href":"https:\/\/radiowebmx.com\/nota\/wp-json\/wp\/v2\/media?parent=66016"}],"wp:term":[{"taxonomy":"category","embeddable":true,"href":"https:\/\/radiowebmx.com\/nota\/wp-json\/wp\/v2\/categories?post=66016"},{"taxonomy":"post_tag","embeddable":true,"href":"https:\/\/radiowebmx.com\/nota\/wp-json\/wp\/v2\/tags?post=66016"}],"curies":[{"name":"wp","href":"https:\/\/api.w.org\/{rel}","templated":true}]}}