{"id":6598,"date":"2014-04-10T11:24:22","date_gmt":"2014-04-10T16:24:22","guid":{"rendered":"https:\/\/radiowebmx.com\/nota\/?p=6598"},"modified":"2014-04-10T11:24:31","modified_gmt":"2014-04-10T16:24:31","slug":"hacer-de-la-expo-feria-michoacan-2014-una-magnifica-noticia-para-el-estado-y-para-mexico-fausto-vallejo","status":"publish","type":"post","link":"https:\/\/radiowebmx.com\/nota\/hacer-de-la-expo-feria-michoacan-2014-una-magnifica-noticia-para-el-estado-y-para-mexico-fausto-vallejo\/","title":{"rendered":"HACER DE LA EXPO FERIA MICHOAC\u00c1N 2014, UNA MAGN\u00cdFICA NOTICIA PARA EL ESTADO Y PARA M\u00c9XICO: FAUSTO VALLEJO"},"content":{"rendered":"<div>\n<p>Con la premisa de hacer de la Expo Feria Michoac\u00e1n 2014, un escaparate diferente, que proyecte al pa\u00eds y al mundo el rostro de un Estado sano y de trabajo, para que este acontecimiento sea una magn\u00edfica noticia para la entidad y la naci\u00f3n, este mi\u00e9rcoles el gobernador Fausto Vallejo Figueroa, tom\u00f3 protesta a los integrantes del Comit\u00e9 Ciudadano de este magno evento, acci\u00f3n sin precedentes que pretende abonar a la ciudadanizaci\u00f3n del quehacer p\u00fablico, la rendici\u00f3n de cuentas y la transparencia.<\/p>\n<p>En el Recinto Ferial y teniendo como testigos al presidente municipal de Charo, Ra\u00fal Prieto G\u00f3mez y una representaci\u00f3n de Morelia, el jefe del Ejecutivo estatal recalc\u00f3 que en su reciente visita a la entidad, el presidente de la Rep\u00fablica, Enrique Pe\u00f1a Nieto, manifest\u00f3 su deseo de apoyar en la realizaci\u00f3n de la m\u00e1xima fiesta del Estado, pues la calific\u00f3 como una oportunidad para mostrar a los mexicanos, el verdadero rostro de Michoac\u00e1n, la nueva historia que se construye.<\/p>\n<p>Por tal motivo, pidi\u00f3 a los integrantes de este Comit\u00e9 participar en la realizaci\u00f3n de la Expo Feria con todo su empe\u00f1o, para que este evento sea un atractivo para todas las familias y un eslab\u00f3n en la reconstrucci\u00f3n del tejido social.<\/p>\n<p>Explic\u00f3 que desde el inicio, una de las bases de su Gobierno ha sido el impulso a la participaci\u00f3n ciudadana, por lo que, en el \u00e1nimo de que los michoacanos se involucren en el quehacer p\u00fablico y supervisen el mismo, se da este paso \u2013de entre otros que ya se realizan- para establecer una mejor relaci\u00f3n con la sociedad, para que su administraci\u00f3n sea una caja de cristal abierta al escrutinio p\u00fablico, en beneficio de los michoacanos.<\/p>\n<p>\u201cUstedes ser\u00e1n los encargados de revisar, conocer, transparentar y dar certeza a las y los michoacanos, de que nuestra fiesta grande ser\u00e1 todo un escaparate representativo de lo mejor de nuestro Estado\u201d, dijo a los miembros del Comit\u00e9, entre los que figuran presidentes de c\u00e1maras y representantes de la sociedad civil organizada.<\/p>\n<p>El mandatario estatal apunt\u00f3 que en esta edici\u00f3n 2014, debe mostrarse a los visitantes las riquezas naturales y culturales del Estado, \u201cqueremos que conozcan qu\u00e9 se hace en cada regi\u00f3n, nuestra industria, el comercio; queremos que degusten nuestra variada cocina y que a trav\u00e9s de nuestros ciudadanos entren en contacto con el verdadero Michoac\u00e1n, el de gente alegre, trabajadora y de buenas costumbres\u201d.<\/p>\n<p>&nbsp;<\/p>\n<p><b>HACER DE LA EXPO FERIA MICHOAC\u00c1N, UNA DE LAS MEJORES CINCO DE M\u00c9XICO<\/b><\/p>\n<p>A su vez, Roberto Monroy Garc\u00eda, secretario de Turismo de la entidad, acompa\u00f1ado del director de la Comisi\u00f3n de Ferias, Exposiciones y Eventos del Estado, Zeus Rodr\u00edguez Miranda, se\u00f1al\u00f3 que los trabajadores de ambas dependencias, tras el decreto de sectorizaci\u00f3n de la COFEEEM, convergen en un solo grupo para entregar servicios y eventos de calidad, que con las aportaciones de los ciudadanos que desde ahora integran este \u00f3rgano, permitir\u00e1n posicionar a la Feria del Estado, como una de las mejores cinco del pa\u00eds.<\/p>\n<p>Y es que resalt\u00f3, con los acuerdos y solidaridad de diversos sectores productivos, as\u00ed como del Gobierno de la Rep\u00fablica, se logr\u00f3 concretar diversas actividades que har\u00e1n de la Feria 2014, un evento diferente.<\/p>\n<p>Uno de esos logros, a\u00f1adi\u00f3, es que la Secretar\u00eda de Turismo federal participar\u00e1 con 20 millones de pesos para traer a artistas de reconocida calidad y trayectoria, a fin de competir con ferias como la de Aguascalientes; con reserva de quienes conformar\u00e1n dicho programa, mencion\u00f3 a Alejandra Guzm\u00e1n, Pepe Aguilar y Grupo Ca\u00f1averal, quienes se presentar\u00e1n en el Teatro del Pueblo con acceso totalmente gratuito.<\/p>\n<p>Para potenciar el valor de los municipios michoacanos, adem\u00e1s de contar con un pabell\u00f3n especial para sus montajes y la participaci\u00f3n en diferentes eventos culturales, aquel ayuntamiento que presente el mejor stand, recibir\u00e1 un incentivo de 100 mil pesos.<\/p>\n<p>Tambi\u00e9n, la organizaci\u00f3n de esta fiesta permitir\u00e1 tan s\u00f3lo en la cuesti\u00f3n de los juegos mec\u00e1nicos, un ahorro por 5 millones de pesos, ya que en esta ocasi\u00f3n las empresas no cobrar\u00e1n un solo centavo por participar en la edici\u00f3n 2014 y por el contrario, aportar\u00e1n parte de sus ganancias a la COFEEEM.<\/p>\n<p><b>TAMBI\u00c9N EXPONDR\u00c1N A MICHOAC\u00c1N COMO L\u00cdDER NACIONAL EN PRODUCCI\u00d3N <\/b><\/p>\n<p>Para retomar el posicionamiento de la Expo Feria Michoac\u00e1n en su exhibici\u00f3n agropecuaria, este a\u00f1o se reforzar\u00e1 la exposici\u00f3n Ganadera con una muestra de sementales, en la que adem\u00e1s el Gobierno del Estado, a trav\u00e9s de la Secretar\u00eda de Desarrollo Rural, entregar\u00e1 500 ejemplares de ganado de alta calidad gen\u00e9tica para mejorar el hato ganadero de la entidad.<\/p>\n<p>Ram\u00f3n Cano Vega, titular de la Sedru, mencion\u00f3 adem\u00e1s que se contar\u00e1 con un pabell\u00f3n especial en que se ofrecer\u00e1n los 28 productos agr\u00edcolas que hacen de nuestro Estado el l\u00edder en M\u00e9xico en valor de producci\u00f3n. \u201cVamos a mostrar lo que Michoac\u00e1n produce\u201d, dijo y agreg\u00f3 que en esta muestra habr\u00e1 otros productos ya procesados que se generan en la entidad.<\/p>\n<p>Algunos de los integrantes del Comit\u00e9, mostraron su benepl\u00e1cito por formar parte de este nuevo proyecto al tiempo que aseguraron pondr\u00e1n lo que est\u00e9 a su alcance para hacer de esta Feria una de las mejores del pa\u00eds.<\/p>\n<p>En este evento de toma de protesta, se recalc\u00f3 la participaci\u00f3n del Gobierno de la Rep\u00fablica, en las acciones para que la fiesta se realice en el mejor de los ambientes y con la seguridad que requieren los asistentes.<\/p>\n<p>Este Comit\u00e9 qued\u00f3 conformado por 36 integrantes, entre empresarios, l\u00edderes de c\u00e1maras, ciudadanos connotados, que revisar\u00e1n y conocer\u00e1n a fondo las adquisiciones, contrataciones de obra, bienes y servicios que a su juicio sean necesarias para la realizaci\u00f3n de los festejos de la Expo Feria Michoac\u00e1n 2014. Forman parte:<\/p>\n<\/div>\n<p><b><br clear=\"all\" \/> <\/b><\/p>\n<ol>\n<li><b>1.\u00a0\u00a0\u00a0\u00a0\u00a0 <\/b><b>LIC. ALEJANDRO LAMBRET\u00d3N NARRO<\/b><\/li>\n<\/ol>\n<p><b>DELEGADO FEDERAL DE LA SCT<\/b><\/p>\n<p><b>\u00a0<\/b><\/p>\n<ol>\n<li><b>2.\u00a0\u00a0\u00a0\u00a0\u00a0 <\/b><b>LIC. VICTOR SILVA TEJEDA<\/b><\/li>\n<\/ol>\n<p><b>DELEGADO FEDERAL DE SEDESOL<\/b><\/p>\n<p><b>\u00a0<\/b><\/p>\n<ol>\n<li><b>3.\u00a0\u00a0\u00a0\u00a0\u00a0 <\/b><b>LIC. PEDRO LUIS BEN\u00cdTEZ V\u00c9LEZ<\/b><\/li>\n<\/ol>\n<p><b>DELGADO FEDERAL DE SAGARPA<\/b><\/p>\n<p><b>\u00a0<\/b><\/p>\n<ol>\n<li><b>4.\u00a0\u00a0\u00a0\u00a0\u00a0 <\/b><b>LIC. ANA COMPE\u00c1N REYES ESP\u00cdNDOLA<\/b><\/li>\n<\/ol>\n<p><b>DELEGADA DE TURISMO FEDERAL EN MICHOAC\u00c1N<\/b><\/p>\n<p><b>\u00a0<\/b><\/p>\n<ol>\n<li><b>5.\u00a0\u00a0\u00a0\u00a0\u00a0 <\/b><b>ING. ROBERTO VIDAL LE\u00d3N<\/b><\/li>\n<\/ol>\n<p><b>DIRECTOR GENERAL DE LA CFE<\/b><\/p>\n<p><b>\u00a0<\/b><\/p>\n<ol>\n<li><b>6.\u00a0\u00a0\u00a0\u00a0\u00a0 <\/b><b>LIC. ARCADIO M\u00c9NDEZ HURTADO<\/b><\/li>\n<\/ol>\n<p><b>CONSEJO COORDINADOR EMPRESARIAL <\/b><\/p>\n<p><b>\u00a0<\/b><\/p>\n<ol>\n<li><b>7.\u00a0\u00a0\u00a0\u00a0\u00a0 <\/b><b>C. ISLLAL\u00cd BELMONTE ROSALES<\/b><\/li>\n<\/ol>\n<p><b>PRESIDENTA DE EMPRESARIAS MICHOAC\u00c1N A.C.<\/b><\/p>\n<p><b>\u00a0<\/b><\/p>\n<ol>\n<li><b>8.\u00a0\u00a0\u00a0\u00a0\u00a0 <\/b><b>C. GUADALUPE MORALES L\u00d3PEZ<\/b><\/li>\n<\/ol>\n<p><b>CANACO SERVYTUR<\/b><\/p>\n<p><b>\u00a0<\/b><\/p>\n<ol>\n<li><b>9.\u00a0\u00a0\u00a0\u00a0\u00a0 <\/b><b>MTRA. ALMA ESPINOSA MEN\u00c9NDEZ<\/b><\/li>\n<\/ol>\n<p><b>PRESIDENTA DE CODEMI <\/b><\/p>\n<p><b>\u00a0<\/b><\/p>\n<ol>\n<li><b>10.\u00a0\u00a0 <\/b><b>MTRO. GILBERTO MORELOS FAVELA<\/b><\/li>\n<\/ol>\n<p><b>PRESIDENTE DE LA CANIRAC MICHOAC\u00c1N<\/b><\/p>\n<p><b>\u00a0<\/b><\/p>\n<ol>\n<li><b>11.\u00a0\u00a0 <\/b><b>LIC. MARCO VINICIO AGUILERA GARIBAY<\/b><\/li>\n<\/ol>\n<p><b>ENCARGADO DE DESPACHO DE SECRETARIA DE GOBIERNO DEL ESTADO DE MICHOAC\u00c1N<\/b><\/p>\n<p><b>\u00a0<\/b><\/p>\n<ol>\n<li><b>12.\u00a0\u00a0 <\/b><b>LIC. JAIME MARES CAMARENA<\/b><\/li>\n<\/ol>\n<p><b>VOCAL\u00cdA EJECUTIVA DE CEDEMUN<\/b><\/p>\n<p><b>\u00a0<\/b><\/p>\n<ol>\n<li><b>13.\u00a0\u00a0 <\/b><b>LIC. CARLOS HUGO CASTELLANOS BECERRA<\/b><\/li>\n<\/ol>\n<p><b>SECRETARIO DE SEGURIDAD P\u00daBLICA<\/b><\/p>\n<p><b>\u00a0<\/b><\/p>\n<ol>\n<li><b>14.\u00a0\u00a0 <\/b><b>LIC. FRANCISCO XAVIER LARA MEDINA<\/b><\/li>\n<\/ol>\n<p><b>SECRETARIO DE LOS JOVENES<\/b><\/p>\n<p><b>COMISI\u00d3N ESTATAL DE CULTURA F\u00cdSICA Y DEPORTE <\/b><\/p>\n<p><b>\u00a0<\/b><\/p>\n<ol>\n<li><b>15.\u00a0\u00a0 <\/b><b>C.P. RAFAEL PAZ VEGA<\/b><\/li>\n<\/ol>\n<p><b>DIRECTOR DE LA CASA DE LAS ARTESAN\u00cdAS<\/b><\/p>\n<p><b>\u00a0<\/b><\/p>\n<ol>\n<li><b>16.\u00a0\u00a0 <\/b><b>LIC. MARCO ANTONIO AGUILAR CORT\u00c9S<\/b><\/li>\n<\/ol>\n<p><b>SECRETARIO DE CULTURA<\/b><\/p>\n<p><b>\u00a0<\/b><\/p>\n<ol>\n<li><b>17.\u00a0\u00a0 <\/b><b>ING. RAM\u00d3N CANO VEGA<\/b><\/li>\n<\/ol>\n<p><b>SECRETARIO DE DESARROLLO RURAL<\/b><\/p>\n<p><b>\u00a0<\/b><\/p>\n<ol>\n<li><b>18.\u00a0\u00a0 <\/b><b>ING. FRANCISCO GONZ\u00c1LEZ OCHOA<\/b><\/li>\n<\/ol>\n<p><b>SECRETARIO DE COMUNICACIONES Y OBRAS P\u00daBLICAS<\/b><\/p>\n<p><b>\u00a0<\/b><\/p>\n<ol>\n<li><b>19.\u00a0\u00a0 <\/b><b>L.R.C.I. RODRIGO IVAN MALDONADO L\u00d3PEZ<\/b><\/li>\n<\/ol>\n<p><b>SECRETAR\u00cdA DE POLITICA SOCIAL<\/b><\/p>\n<p><b>\u00a0<\/b><\/p>\n<ol>\n<li><b>20.\u00a0\u00a0 <\/b><b>ING. MANUEL ANT\u00daNEZ \u00c1LVAREZ <\/b><\/li>\n<\/ol>\n<p><b>SECRETARIO DE DESARROLLO ECON\u00d3MICO<\/b><\/p>\n<p><b>\u00a0<\/b><\/p>\n<ol>\n<li><b>21.\u00a0\u00a0 <\/b><b>LIC. JOS\u00c9 MART\u00cdN GODOY CASTRO<\/b><\/li>\n<\/ol>\n<p><b>PROCURADOR DE JUSTICIA DE MICHOAC\u00c1N<\/b><\/p>\n<p><b>\u00a0<\/b><\/p>\n<ol>\n<li><b>22.\u00a0\u00a0 <\/b><b>LIC. IGNACIO COLINA QUIROZ<\/b><\/li>\n<\/ol>\n<p><b>CORDINADOR GENERAL COCOTRA<\/b><\/p>\n<p><b>\u00a0<\/b><\/p>\n<ol>\n<li><b>23.\u00a0\u00a0 <\/b><b>PROF. WILFRIDO L\u00c1ZARO MEDINA<\/b><\/li>\n<\/ol>\n<p><b>PRESIDENTE MUNICIPAL DE MORELIA<\/b><\/p>\n<p><b>\u00a0<\/b><\/p>\n<ol>\n<li><b>24.\u00a0\u00a0 <\/b><b>C. RA\u00daL PRIETO G\u00d3MEZ <\/b><\/li>\n<\/ol>\n<p><b>PRESIDENTE MUNICIPAL DE CHARO <\/b><\/p>\n<p><b>\u00a0<\/b><\/p>\n<ol>\n<li><b>25.\u00a0\u00a0 <\/b><b>LAE. ALFREDO FEDERICO MU\u00d1OZ RU\u00cdZ<\/b><\/li>\n<\/ol>\n<p><b>PRESIDENTE DE LA ASOCIACI\u00d3N DE PUEBLOS M\u00c1GICOS DE MICHOAC\u00c1N<\/b><\/p>\n<p><b>\u00a0<\/b><\/p>\n<ol>\n<li><b>26.\u00a0\u00a0 <\/b><b>C.P. MAYOLO DEL MAZO DEL MAZO<\/b><\/li>\n<\/ol>\n<p><b>GERENTE GENERAL\u00a0EN\u00a0SERVICIOS TURISTICOS MAZZ <\/b><b><\/b><\/p>\n<p><b>\u00a0<\/b><\/p>\n<ol>\n<li><b>27.\u00a0\u00a0 <\/b><b>LIC. JUAN MAYOLO MEDINA LINARES <\/b><\/li>\n<\/ol>\n<p><b>DELEGADO DE ECONOM\u00cdA EN MICHOAC\u00c1N. <\/b><\/p>\n<p><b>\u00a0<\/b><\/p>\n<ol>\n<li><b>28.\u00a0\u00a0 <\/b><b>LIC. ZEUS RODR\u00cdGUEZ MIRANDA <\/b><\/li>\n<\/ol>\n<p><b>DIRECTOR GENERAL DE LA COMISI\u00d3N DE FERIAS, <\/b><\/p>\n<p><b>EXPOSICIONES Y EVENTOS MICHOAC\u00c1N.<\/b><\/p>\n<p><b>\u00a0<\/b><\/p>\n<ol>\n<li><b>29.\u00a0\u00a0 <\/b><b>M.A. PEDRO IV\u00c1N PLANCARTE MOLINA\u00a0 <\/b><\/li>\n<\/ol>\n<p><b>CANACO SERVYTUR\u00a0 <\/b><\/p>\n<p><b>\u00a0<\/b><\/p>\n<ol>\n<li><b>30.\u00a0\u00a0 <\/b><b>ING. XAVIER CH\u00c1VEZ CONTRERAS<\/b><\/li>\n<\/ol>\n<p><b>PRESIDENTE DE LOS COMITES DEL SISTEMA\u00a0 PRODUCTO MANGO<\/b><\/p>\n<p><b>\u00a0<\/b><\/p>\n<ol>\n<li><b>31.\u00a0\u00a0 <\/b><b>ING. EMILIO VIEYRA VARGAS<\/b><\/li>\n<\/ol>\n<p><b>PRESIDENTE DE LOS COMITES DEL SISTEMA\u00a0 PRODUCTO MEZCAL <\/b><\/p>\n<p><b>\u00a0<\/b><\/p>\n<ol>\n<li><b>32.\u00a0\u00a0 <\/b><b>ING. SERGIO RAM\u00cdREZ CASTA\u00d1EDA<\/b><\/li>\n<\/ol>\n<p><b>PRESIDENTE DE LOS COMITES DEL SISTEMA\u00a0 PRODUCTO LIM\u00d3N <\/b><\/p>\n<p>&nbsp;<\/p>\n<ol>\n<li><b>33.\u00a0\u00a0 <\/b><b>ING. FRANCISCO OCTAVIO APARICIO MENDOZA<\/b><\/li>\n<\/ol>\n<p><b>COORDINADOR DE PLANEACI\u00d3N PARA EL DESARROLLO<\/b><\/p>\n<p><b>\u00a0<\/b><\/p>\n<ol>\n<li><b>34.\u00a0\u00a0 <\/b><b>C.P. MARCELA FIGUEROA AGUILAR<\/b><\/li>\n<\/ol>\n<p><b>SECRETARIA DE FINANZAS Y ADMINISTRACI\u00d3N<\/b><\/p>\n<p><b>\u00a0<\/b><\/p>\n<ol>\n<li><b>35.\u00a0\u00a0 <\/b><b>C.P. ROBERTO CORIA VILLAFUERTE<\/b><\/li>\n<\/ol>\n<p><b>COORDINADOR DE CONTRALOR\u00cdA<\/b><\/p>\n<p><b>\u00a0<\/b><\/p>\n<ol>\n<li><b>36.\u00a0\u00a0 <\/b><b>C. ROBERTO ENRIQUE MONROY GARC\u00cdA<\/b><\/li>\n<\/ol>\n<p><b>SECRETARIO DE TURISMO DEL ESTADO DE MICHOAC\u00c1N<\/b><\/p>\n<p><b>\u00a0<\/b><\/p>\n<p><b>\u00a0<\/b><\/p>\n<p>&nbsp;<\/p>\n<p>&nbsp;<\/p>\n<p>&nbsp;<\/p>\n<p>&nbsp;<\/p>\n<p>&nbsp;<\/p>\n","protected":false},"excerpt":{"rendered":"<p>Con la premisa de hacer de la Expo Feria Michoac\u00e1n 2014, un escaparate diferente, que proyecte al pa\u00eds y al mundo el rostro de un Estado sano y de trabajo, para que este acontecimiento sea una magn\u00edfica noticia para la entidad y la naci\u00f3n,<\/p>\n","protected":false},"author":1,"featured_media":0,"comment_status":"open","ping_status":"open","sticky":false,"template":"","format":"standard","meta":{"footnotes":""},"categories":[3],"tags":[],"class_list":["post-6598","post","type-post","status-publish","format-standard","hentry","category-gobierno-del-estado-de-michoacan"],"_links":{"self":[{"href":"https:\/\/radiowebmx.com\/nota\/wp-json\/wp\/v2\/posts\/6598","targetHints":{"allow":["GET"]}}],"collection":[{"href":"https:\/\/radiowebmx.com\/nota\/wp-json\/wp\/v2\/posts"}],"about":[{"href":"https:\/\/radiowebmx.com\/nota\/wp-json\/wp\/v2\/types\/post"}],"author":[{"embeddable":true,"href":"https:\/\/radiowebmx.com\/nota\/wp-json\/wp\/v2\/users\/1"}],"replies":[{"embeddable":true,"href":"https:\/\/radiowebmx.com\/nota\/wp-json\/wp\/v2\/comments?post=6598"}],"version-history":[{"count":2,"href":"https:\/\/radiowebmx.com\/nota\/wp-json\/wp\/v2\/posts\/6598\/revisions"}],"predecessor-version":[{"id":6600,"href":"https:\/\/radiowebmx.com\/nota\/wp-json\/wp\/v2\/posts\/6598\/revisions\/6600"}],"wp:attachment":[{"href":"https:\/\/radiowebmx.com\/nota\/wp-json\/wp\/v2\/media?parent=6598"}],"wp:term":[{"taxonomy":"category","embeddable":true,"href":"https:\/\/radiowebmx.com\/nota\/wp-json\/wp\/v2\/categories?post=6598"},{"taxonomy":"post_tag","embeddable":true,"href":"https:\/\/radiowebmx.com\/nota\/wp-json\/wp\/v2\/tags?post=6598"}],"curies":[{"name":"wp","href":"https:\/\/api.w.org\/{rel}","templated":true}]}}