{"id":6595,"date":"2014-04-10T11:21:32","date_gmt":"2014-04-10T16:21:32","guid":{"rendered":"https:\/\/radiowebmx.com\/nota\/?p=6595"},"modified":"2014-04-10T11:21:32","modified_gmt":"2014-04-10T16:21:32","slug":"inauguran-xxxiv-foro-de-educacion-preescolar","status":"publish","type":"post","link":"https:\/\/radiowebmx.com\/nota\/inauguran-xxxiv-foro-de-educacion-preescolar\/","title":{"rendered":"INAUGURAN XXXIV FORO DE EDUCACI\u00d3N PREESCOLAR"},"content":{"rendered":"<p><span style=\"font-size: 13px;\">Con la representaci\u00f3n del gobernador Fausto Vallejo Figueroa, el subsecretario de Educaci\u00f3n B\u00e1sica, Cuitl\u00e1huac Contreras \u00cd\u00f1iguez, inaugur\u00f3 el Trig\u00e9simo Cuarto Foro Nacional de Educaci\u00f3n Preescolar \u00a0\u00a0\u201cFormaci\u00f3n para la Vida: Un Desaf\u00edo en la Educaci\u00f3n Preescolar\u201d, que concluir\u00e1 este viernes 11 de abril.<\/span><\/p>\n<p>Con un saludo fraterno del secretario de Educaci\u00f3n, J. Jes\u00fas Sierra Arias, y ante la presencia de 2 mil educadoras aproximadamente, Contreras \u00cd\u00f1iguez exalt\u00f3 el compromiso que autoridades, maestros, alumnos y padres de familia tienen para fomentar los valores hist\u00f3ricos y nacionales, \u201cque har\u00e1n la diferencia para ser cada d\u00eda mejores ciudadanos\u201d, dijo.<\/p>\n<p>El Teatro Jos\u00e9 Mar\u00eda Morelos fue el escenario del evento en el que se reunieron trabajadoras de educaci\u00f3n preescolar para la recepci\u00f3n de elementos te\u00f3rico-pr\u00e1cticos que facilitar\u00e1n la formaci\u00f3n adecuada, consciente y cr\u00edtica de los ni\u00f1os que cursan educaci\u00f3n preescolar, con las caracter\u00edsticas de los contextos sociales actuales.<\/p>\n<p>Cabe recordar que el Foro pretende generar espacios de reflexi\u00f3n en la comunidad de nivel preescolar sobre la necesidad de reforzar el an\u00e1lisis de los contextos sociales actuales en que se desarrolla la pr\u00e1ctica educativa.<\/p>\n<p>Con base en ello, el funcionario estatal mencion\u00f3 4 pilares importantes que invitan a todas las instituciones p\u00fablicas, privadas, y a su vez a todos los presentes, a construir los aprendizajes b\u00e1sicos para que nuestros educandos puedan aspirar a mejorar su formaci\u00f3n y a prepararse para la vida misma. Aprender a ser, aprender a hacer, aprender a aprender y aprender a convivir.<\/p>\n<p>Explic\u00f3 que construir sociedades del conocimiento implica fomentar y fortalecer estos pilares tan indispensables e importantes para los que desarrollan la actividad de la educaci\u00f3n, de manera que con el apoyo de todos podamos mejorar nuestra educaci\u00f3n.<\/p>\n<p>&nbsp;<\/p>\n<p>&nbsp;<\/p>\n<p>&nbsp;<\/p>\n<p>&nbsp;<\/p>\n<p>\u201cLa educaci\u00f3n es un derecho que se constituye como instrumento indispensable para que constitucionalmente todos podamos mejorar las formas de convivencia social como la igualdad, la equidad y el desarrollo social que tanto nos hacen falta\u201d, enfatiz\u00f3.<\/p>\n","protected":false},"excerpt":{"rendered":"<p>Con la representaci\u00f3n del gobernador Fausto Vallejo Figueroa, el subsecretario de Educaci\u00f3n B\u00e1sica, Cuitl\u00e1huac Contreras \u00cd\u00f1iguez, inaugur\u00f3 el Trig\u00e9simo Cuarto Foro Nacional de Educaci\u00f3n Preescolar   \u201cFormaci\u00f3n para la Vida: <\/p>\n","protected":false},"author":1,"featured_media":0,"comment_status":"open","ping_status":"open","sticky":false,"template":"","format":"standard","meta":{"footnotes":""},"categories":[3],"tags":[],"class_list":["post-6595","post","type-post","status-publish","format-standard","hentry","category-gobierno-del-estado-de-michoacan"],"_links":{"self":[{"href":"https:\/\/radiowebmx.com\/nota\/wp-json\/wp\/v2\/posts\/6595","targetHints":{"allow":["GET"]}}],"collection":[{"href":"https:\/\/radiowebmx.com\/nota\/wp-json\/wp\/v2\/posts"}],"about":[{"href":"https:\/\/radiowebmx.com\/nota\/wp-json\/wp\/v2\/types\/post"}],"author":[{"embeddable":true,"href":"https:\/\/radiowebmx.com\/nota\/wp-json\/wp\/v2\/users\/1"}],"replies":[{"embeddable":true,"href":"https:\/\/radiowebmx.com\/nota\/wp-json\/wp\/v2\/comments?post=6595"}],"version-history":[{"count":2,"href":"https:\/\/radiowebmx.com\/nota\/wp-json\/wp\/v2\/posts\/6595\/revisions"}],"predecessor-version":[{"id":6597,"href":"https:\/\/radiowebmx.com\/nota\/wp-json\/wp\/v2\/posts\/6595\/revisions\/6597"}],"wp:attachment":[{"href":"https:\/\/radiowebmx.com\/nota\/wp-json\/wp\/v2\/media?parent=6595"}],"wp:term":[{"taxonomy":"category","embeddable":true,"href":"https:\/\/radiowebmx.com\/nota\/wp-json\/wp\/v2\/categories?post=6595"},{"taxonomy":"post_tag","embeddable":true,"href":"https:\/\/radiowebmx.com\/nota\/wp-json\/wp\/v2\/tags?post=6595"}],"curies":[{"name":"wp","href":"https:\/\/api.w.org\/{rel}","templated":true}]}}