{"id":6588,"date":"2014-04-10T11:07:52","date_gmt":"2014-04-10T16:07:52","guid":{"rendered":"https:\/\/radiowebmx.com\/nota\/?p=6588"},"modified":"2014-04-10T11:07:52","modified_gmt":"2014-04-10T16:07:52","slug":"inauguran-centro-para-el-desarrollo-de-las-mujeres-en-cheran","status":"publish","type":"post","link":"https:\/\/radiowebmx.com\/nota\/inauguran-centro-para-el-desarrollo-de-las-mujeres-en-cheran\/","title":{"rendered":"INAUGURAN CENTRO PARA EL DESARROLLO DE LAS MUJERES EN CHER\u00c1N"},"content":{"rendered":"<p><span style=\"font-size: 13px;\"><a href=\"https:\/\/radiowebmx.com\/nota\/wp-content\/uploads\/2014\/04\/2.jpg\"><img loading=\"lazy\" decoding=\"async\" class=\"alignleft size-full wp-image-6589\" alt=\"2\" src=\"https:\/\/radiowebmx.com\/nota\/wp-content\/uploads\/2014\/04\/2.jpg\" width=\"591\" height=\"319\" \/><\/a>Con la inauguraci\u00f3n del Centro para el Desarrollo de las Mujeres, las cheranenses contar\u00e1n con un espacio en el que se les brindar\u00e1 atenci\u00f3n jur\u00eddica, psicol\u00f3gica, trabajo social y se implementar\u00e1n acciones para impulsar su empoderamiento econ\u00f3mico.<\/span><\/p>\n<p>Como parte de la estrategia que el Gobierno de la Rep\u00fablica despliega en la entidad, Cher\u00e1n se convirti\u00f3 en uno de los primeros municipios del estado que\u00a0 cuentan con dicho Centro ubicado en la Meseta Pur\u00e9pecha.<\/p>\n<p>La inauguraci\u00f3n estuvo a cargo de la directora general de la Institucionalizaci\u00f3n de la Perspectiva de G\u00e9nero, del Instituto Nacional de las Mujeres (Inmujeres), Adriana Leticia Borjas Benavente, acompa\u00f1ada por la secretaria de la Mujer del estado, Consuelo Muro Urista y por el representante del Concejo Mayor de Cher\u00e1n, H\u00e9ctor Dur\u00e1n Ju\u00e1rez.<\/p>\n<p>Antes de recorrer las instalaciones del Centro de Desarrollo, la funcionaria federal sostuvo un encuentro con mujeres originarias de los municipios de Paracho, Ting\u00fcind\u00edn, Nahuatzen, Tanganc\u00edcuaro, Tanc\u00edtaro, Uruapan, as\u00ed como del ayuntamiento sede.<\/p>\n<p>En este marco, la enlace del Inmujeres con Michoac\u00e1n, Adriana Borjas, se\u00f1al\u00f3 que la prioridad para la instituci\u00f3n que representa es trabajar por las mujeres, pero como parte de una sociedad en donde tanto mujeres como hombres son importantes.<\/p>\n<p>\u201cLa labor que realiza el Inmujeres, en el caso de Michoac\u00e1n que realiza la Semujer y en el caso de Cher\u00e1n la Instancia de la Mujer, es tratar de que las brechas de g\u00e9nero se hagan cada vez m\u00e1s cortas, para que las mujeres tengamos las mismas oportunidades que los hombres\u201d, dijo.<\/p>\n<p>Borjas Benavente destac\u00f3 que el Centro de Cher\u00e1n es uno de los primeros que se inaugura en el presente a\u00f1o a nivel nacional, el cual tiene el prop\u00f3sito fundamental de atender a las mujeres que viven en situaci\u00f3n de violencia, para que tengan un espacio en donde puedan recibir asesor\u00eda jur\u00eddica, psicol\u00f3gica y la orientaci\u00f3n para lograr su autonom\u00eda econ\u00f3mica.<\/p>\n<p>\u201cNos da mucho gusto que sea en Michoac\u00e1n y que sea para una comunidad \u00e9tnica de la Meseta. Estoy segura que este Centro es una semilla m\u00e1s para crear esta prosperidad y este desarrollo que necesitamos en todo el pa\u00eds\u201d, apunt\u00f3.<\/p>\n<p>En su turno, la titular de la Semujer, Consuelo Muro Urista, se\u00f1al\u00f3 que con la creaci\u00f3n de los Centros se avanza en Michoac\u00e1n para erradicar la violencia contra las mujeres; en ellos precis\u00f3, las mujeres encontrar\u00e1n una puerta en donde se les brindar\u00e1 atenci\u00f3n y asesor\u00eda, donde adem\u00e1s se implementar\u00e1n alternativas dirigidas a fomentar el desarrollo econ\u00f3mico de la poblaci\u00f3n femenina.<\/p>\n<p>Afirm\u00f3 que dichos espacios son resultado de la coordinaci\u00f3n que existe entre la federaci\u00f3n, el estado y los municipios, por lo que hizo un reconocimiento al Gobierno de la Rep\u00fablica a trav\u00e9s del Inmujeres por el apoyo que ha brindado a las michoacanas.<\/p>\n<p>\u201cVemos el compromiso del presidente Enrique Pe\u00f1a Nieto y de la titular del Inmujeres, Lorena Cruz, traducido en acciones concretas para nuestro estado\u201d, dijo.<\/p>\n<p>Por su parte, Gloria Fabi\u00e1n Campos, integrante del Concejo Mayor de Cher\u00e1n, sostuvo que la puesta en marcha del Centro es un paso adelante y es una consecuencia del trabajo conjunto de los tres \u00f3rdenes de gobierno.<\/p>\n<p>Durante el encuentro tambi\u00e9n estuvieron presentes, H\u00e9ctor Dur\u00e1n Ju\u00e1rez, Salvador Tapia, Francisco Fabi\u00e1n, Antonio Dur\u00e1n Vel\u00e1zquez, todos ellos miembros del Concejo Mayor, quienes se manifestaron dispuestos a continuar apoyando las acciones que tanto la federaci\u00f3n como el estado realicen en beneficio de las cheranenses.<\/p>\n<p>De igual forma asistieron Liliana Alejos Orozco, Brenda Garc\u00eda, Magdalena del Toro, Dionisia Moreno, Lucrecia Arroyo de Anda y Gloria Espino, directoras de las Instancias Municipales de la Mujer de Tanganc\u00edcuaro, Uruapan, Tanc\u00edtaro, Paracho, Ting\u00fcind\u00edn y Nahuatzen, respectivamente.<\/p>\n","protected":false},"excerpt":{"rendered":"<p>Con la inauguraci\u00f3n del Centro para el Desarrollo de las Mujeres, las cheranenses contar\u00e1n con un espacio en el que se les brindar\u00e1 atenci\u00f3n jur\u00eddica, psicol\u00f3gica, trabajo social y se implementar\u00e1n acciones para impulsar su empoderamiento econ\u00f3mico.<\/p>\n","protected":false},"author":1,"featured_media":0,"comment_status":"open","ping_status":"open","sticky":false,"template":"","format":"standard","meta":{"footnotes":""},"categories":[14,3],"tags":[],"class_list":["post-6588","post","type-post","status-publish","format-standard","hentry","category-destacadas","category-gobierno-del-estado-de-michoacan"],"_links":{"self":[{"href":"https:\/\/radiowebmx.com\/nota\/wp-json\/wp\/v2\/posts\/6588","targetHints":{"allow":["GET"]}}],"collection":[{"href":"https:\/\/radiowebmx.com\/nota\/wp-json\/wp\/v2\/posts"}],"about":[{"href":"https:\/\/radiowebmx.com\/nota\/wp-json\/wp\/v2\/types\/post"}],"author":[{"embeddable":true,"href":"https:\/\/radiowebmx.com\/nota\/wp-json\/wp\/v2\/users\/1"}],"replies":[{"embeddable":true,"href":"https:\/\/radiowebmx.com\/nota\/wp-json\/wp\/v2\/comments?post=6588"}],"version-history":[{"count":2,"href":"https:\/\/radiowebmx.com\/nota\/wp-json\/wp\/v2\/posts\/6588\/revisions"}],"predecessor-version":[{"id":6591,"href":"https:\/\/radiowebmx.com\/nota\/wp-json\/wp\/v2\/posts\/6588\/revisions\/6591"}],"wp:attachment":[{"href":"https:\/\/radiowebmx.com\/nota\/wp-json\/wp\/v2\/media?parent=6588"}],"wp:term":[{"taxonomy":"category","embeddable":true,"href":"https:\/\/radiowebmx.com\/nota\/wp-json\/wp\/v2\/categories?post=6588"},{"taxonomy":"post_tag","embeddable":true,"href":"https:\/\/radiowebmx.com\/nota\/wp-json\/wp\/v2\/tags?post=6588"}],"curies":[{"name":"wp","href":"https:\/\/api.w.org\/{rel}","templated":true}]}}