{"id":6585,"date":"2014-04-10T11:03:25","date_gmt":"2014-04-10T16:03:25","guid":{"rendered":"https:\/\/radiowebmx.com\/nota\/?p=6585"},"modified":"2014-04-10T11:03:25","modified_gmt":"2014-04-10T16:03:25","slug":"reforma-politico-electoral-deja-sin-competencia-a-congreso-local-en-designacion-de-magistrados","status":"publish","type":"post","link":"https:\/\/radiowebmx.com\/nota\/reforma-politico-electoral-deja-sin-competencia-a-congreso-local-en-designacion-de-magistrados\/","title":{"rendered":"Reforma Pol\u00edtico-Electoral deja sin competencia a Congreso local en designaci\u00f3n de magistrados"},"content":{"rendered":"<p><a href=\"https:\/\/radiowebmx.com\/nota\/wp-content\/uploads\/2013\/10\/Dip.-Sergio-Ben\u00edtez-S-...jpg\"><img loading=\"lazy\" decoding=\"async\" class=\"alignleft size-full wp-image-4134\" alt=\"Dip. Sergio Ben\u00edtez S ..\" src=\"https:\/\/radiowebmx.com\/nota\/wp-content\/uploads\/2013\/10\/Dip.-Sergio-Ben\u00edtez-S-...jpg\" width=\"591\" height=\"325\" \/><\/a>La Comisi\u00f3n de Asuntos Electorales y Participaci\u00f3n Ciudadana present\u00f3 ante el pleno del Congreso local, el acuerdo por el que se decide enviar a archivo definitivo la resoluci\u00f3n emitida por la Sala Superior del Tribunal Electoral del Poder Judicial de la Federaci\u00f3n, que recay\u00f3 sobre el Juicio de Revisi\u00f3n Constitucional Electoral, mediante la cual se mandataba al Poder Legislativo designar a los Magistrados del Tribunal Electoral de la citada entidad federativa.<\/p>\n<p>Luego que en sesi\u00f3n ordinaria del Poder Legislativo, fuera discutido y votado a favor dicho acuerdo, el diputado Sergio Ben\u00edtez Su\u00e1rez presidente de dicha comisi\u00f3n, se\u00f1al\u00f3 que desde el mes de agosto de 2013 que les fue turnada se realiz\u00f3 el debido estudio y an\u00e1lisis, \u201cdando inicio a las actuaciones necesarias, para la renovaci\u00f3n del \u00f3rgano jurisdiccional electoral local, y mientras continu\u00e1bamos\u00a0 con la revisi\u00f3n en diciembre del mismo a\u00f1o, los integrantes de la Septuag\u00e9sima Segunda Legislatura fuimos enterados de la Minuta con proyecto de Decreto que conten\u00eda la Reforma Pol\u00edtica \u2013Electoral del \u00e1mbito federal\u201d, se\u00f1al\u00f3.<\/p>\n<p>Dicha minuta, contiene reformas, derogaciones y adiciones a diversas disposiciones de la Constituci\u00f3n Pol\u00edtica de los Estados Unidos Mexicanos, \u201cy en el mes de enero del 2014, fue aprobada por el Pleno del Congreso local, por lo que con ello Michoac\u00e1n se uni\u00f3 al proceso nacional publicado desde el pasado mes de febrero en el Diario Oficial, en la cual se establece entre otras disposiciones, la competencia absoluta de la C\u00e1mara de Senadores del Poder Legislativo Federal, el nombrar a los integrantes de los \u00f3rganos jurisdiccionales electorales de las entidades federativas\u201d, resalt\u00f3.<\/p>\n<p>Asimismo, el tambi\u00e9n integrante\u00a0 de la Comisi\u00f3n de Gobernaci\u00f3n dijo que tal nombramiento ser\u00e1 integrado por un n\u00famero impar de magistrados, quienes ser\u00e1n electos por las dos terceras partes de los integrantes de la tambi\u00e9n llamada C\u00e1mara Alta, a trav\u00e9s de una convocatoria en los t\u00e9rminos que disponga la ley.<\/p>\n<p>\u201cEn base a dichas disposiciones\u00a0 es que se resolvi\u00f3 enviar a archivo definitivo la resoluci\u00f3n emitida por la sala Superior del Tribunal Electoral del Pode Judicial de la Federaci\u00f3n, promovida por el Partido de la Revoluci\u00f3n Democr\u00e1tica ya que queda obsoleta y fuera de argumento para poder proceder, dejando a las autoridades federales a cargo de la elecci\u00f3n de los magistrados, por lo que el Congreso del Estado de Michoac\u00e1n no tiene competencia para tal designaci\u00f3n\u201d, refiri\u00f3.<\/p>\n<p>Finalmente, Ben\u00edtez Su\u00e1rez celebr\u00f3 que sus hom\u00f3logos votaran a favor de dicha propuesta de archivo, al reconocer que la resoluci\u00f3n ya no era aplicable, y destac\u00f3 que fue aceptada la propuesta de una diputada para agregar al acuerdo el compromiso del Congreso del Estado para informar al Senado del presente acuerdo de archivo, as\u00ed como comunicar de los trabajos y avances que se hab\u00edan realizado hasta el momento de la aplicaci\u00f3n de la Reforma Pol\u00edtica-Electoral, \u201cfue una propuesta admisible ya que refuerza el porqu\u00e9 de tal decisi\u00f3n y da mayor sustento a nuestro trabajo legislativo\u201d, concluy\u00f3.<\/p>\n","protected":false},"excerpt":{"rendered":"<p>La Comisi\u00f3n de Asuntos Electorales y Participaci\u00f3n Ciudadana present\u00f3 ante el pleno del Congreso local, el acuerdo por el que se decide enviar a archivo definitivo la resoluci\u00f3n emitida por la Sala Superior del Tribunal Electoral del Poder Judicial de la Federaci\u00f3n, <\/p>\n","protected":false},"author":1,"featured_media":0,"comment_status":"open","ping_status":"open","sticky":false,"template":"","format":"standard","meta":{"footnotes":""},"categories":[6,14,8],"tags":[],"class_list":["post-6585","post","type-post","status-publish","format-standard","hentry","category-congreso-del-estado","category-destacadas","category-grupo-parlamentario-del-pan"],"_links":{"self":[{"href":"https:\/\/radiowebmx.com\/nota\/wp-json\/wp\/v2\/posts\/6585","targetHints":{"allow":["GET"]}}],"collection":[{"href":"https:\/\/radiowebmx.com\/nota\/wp-json\/wp\/v2\/posts"}],"about":[{"href":"https:\/\/radiowebmx.com\/nota\/wp-json\/wp\/v2\/types\/post"}],"author":[{"embeddable":true,"href":"https:\/\/radiowebmx.com\/nota\/wp-json\/wp\/v2\/users\/1"}],"replies":[{"embeddable":true,"href":"https:\/\/radiowebmx.com\/nota\/wp-json\/wp\/v2\/comments?post=6585"}],"version-history":[{"count":2,"href":"https:\/\/radiowebmx.com\/nota\/wp-json\/wp\/v2\/posts\/6585\/revisions"}],"predecessor-version":[{"id":6587,"href":"https:\/\/radiowebmx.com\/nota\/wp-json\/wp\/v2\/posts\/6585\/revisions\/6587"}],"wp:attachment":[{"href":"https:\/\/radiowebmx.com\/nota\/wp-json\/wp\/v2\/media?parent=6585"}],"wp:term":[{"taxonomy":"category","embeddable":true,"href":"https:\/\/radiowebmx.com\/nota\/wp-json\/wp\/v2\/categories?post=6585"},{"taxonomy":"post_tag","embeddable":true,"href":"https:\/\/radiowebmx.com\/nota\/wp-json\/wp\/v2\/tags?post=6585"}],"curies":[{"name":"wp","href":"https:\/\/api.w.org\/{rel}","templated":true}]}}